{"id":1012,"date":"2011-08-26T14:33:43","date_gmt":"2011-08-26T14:33:43","guid":{"rendered":"http:\/\/www.margit-hohenberger.de\/blog\/?p=1012"},"modified":"2016-08-17T09:30:03","modified_gmt":"2016-08-17T09:30:03","slug":"keramikvoegel-im-sonnenbad","status":"publish","type":"post","link":"https:\/\/www.margit-hohenberger.de\/blog\/keramikvoegel-im-sonnenbad\/","title":{"rendered":"Keramikv\u00f6gel im Sonnenbad"},"content":{"rendered":"<p>Es ist unglaublich warm. Wir messen heute am 26. August 2011 rekordverd\u00e4chtige 33,6 Gard in Hof am Quetschenweg. Es ist schon m\u00fchsam, bei der Sommerw\u00e4rme noch was zu tun.<!--more--><\/p>\n<figure id=\"attachment_1013\" aria-describedby=\"caption-attachment-1013\" style=\"width: 550px\" class=\"wp-caption aligncenter\"><img loading=\"lazy\" decoding=\"async\" class=\"wp-image-1013 size-full\" title=\"Keramikv\u00f6gel trocknen in der Sonne\" src=\"https:\/\/www.margit-hohenberger.de\/blog\/wp-content\/uploads\/2011\/08\/keramikvoegel-in-der-sonne.jpg\" alt=\"Keramikv\u00f6gel trocknen in der Sonne\" width=\"550\" height=\"380\" \/><figcaption id=\"caption-attachment-1013\" class=\"wp-caption-text\">Keramikv\u00f6gel trocknen in der Sonne<\/figcaption><\/figure>\n<p>Man schwitzt ja schon im sitzen. \ud83d\ude09 Auf jeden Fall ist die Sonne und die W\u00e4rme aber gut f\u00fcr die neue Gartenkeramik. Eine kleine Serie von Keramikv\u00f6gel oder <a title=\"Keramik Hahn Henne\" href=\"https:\/\/www.margit-hohenberger.de\/keramik-hahn-henne.htm\">Keramikh\u00fchner <\/a>sind fertig zum trocknen. Die schwitzen nicht. Die trocknen nur. Ich w\u00fcnsche Euch noch einen sch\u00f6nen Sommer. Mit oder ohne V\u00f6gel (Sp\u00e4ssle).<\/p>\n","protected":false},"excerpt":{"rendered":"<p>Es ist unglaublich warm. Wir messen heute am 26. August 2011 rekordverd\u00e4chtige 33,6 Gard in Hof am Quetschenweg. Es ist schon m\u00fchsam, bei der Sommerw\u00e4rme noch was zu tun.<\/p>\n","protected":false},"author":2,"featured_media":3140,"comment_status":"open","ping_status":"open","sticky":false,"template":"","format":"standard","meta":{"footnotes":""},"categories":[4],"tags":[56,61],"class_list":["post-1012","post","type-post","status-publish","format-standard","has-post-thumbnail","hentry","category-blick-in-die-werkstatt","tag-gartendeko","tag-keramik-im-garten"],"aioseo_notices":[],"_links":{"self":[{"href":"https:\/\/www.margit-hohenberger.de\/blog\/wp-json\/wp\/v2\/posts\/1012","targetHints":{"allow":["GET"]}}],"collection":[{"href":"https:\/\/www.margit-hohenberger.de\/blog\/wp-json\/wp\/v2\/posts"}],"about":[{"href":"https:\/\/www.margit-hohenberger.de\/blog\/wp-json\/wp\/v2\/types\/post"}],"author":[{"embeddable":true,"href":"https:\/\/www.margit-hohenberger.de\/blog\/wp-json\/wp\/v2\/users\/2"}],"replies":[{"embeddable":true,"href":"https:\/\/www.margit-hohenberger.de\/blog\/wp-json\/wp\/v2\/comments?post=1012"}],"version-history":[{"count":0,"href":"https:\/\/www.margit-hohenberger.de\/blog\/wp-json\/wp\/v2\/posts\/1012\/revisions"}],"wp:featuredmedia":[{"embeddable":true,"href":"https:\/\/www.margit-hohenberger.de\/blog\/wp-json\/wp\/v2\/media\/3140"}],"wp:attachment":[{"href":"https:\/\/www.margit-hohenberger.de\/blog\/wp-json\/wp\/v2\/media?parent=1012"}],"wp:term":[{"taxonomy":"category","embeddable":true,"href":"https:\/\/www.margit-hohenberger.de\/blog\/wp-json\/wp\/v2\/categories?post=1012"},{"taxonomy":"post_tag","embeddable":true,"href":"https:\/\/www.margit-hohenberger.de\/blog\/wp-json\/wp\/v2\/tags?post=1012"}],"curies":[{"name":"wp","href":"https:\/\/api.w.org\/{rel}","templated":true}]}}