{"id":1019,"date":"2011-08-28T15:58:31","date_gmt":"2011-08-28T15:58:31","guid":{"rendered":"http:\/\/www.margit-hohenberger.de\/blog\/?p=1019"},"modified":"2016-08-17T09:52:47","modified_gmt":"2016-08-17T09:52:47","slug":"61-bayreuther-kunstausstellung-skulptur-keramik","status":"publish","type":"post","link":"https:\/\/www.margit-hohenberger.de\/blog\/61-bayreuther-kunstausstellung-skulptur-keramik\/","title":{"rendered":"61. Bayreuther Kunstausstellung &#8211; Skulptur &#8211; Keramik"},"content":{"rendered":"<p>K\u00fcnstler aus ganz Deutschland l\u00e4dt der Kunstverein zu seiner traditionellen Jahresausstellung in der Eremitage in Bayreuth ein. Ca. 60 schaffen es mir ihren Arbeiten in die Kunstausstellung. Unter diesen werden die Preistr\u00e4ger f\u00fcr den Energent-Kunstpreis ermittelt, der 2011 zum zweiten Mal vergeben wurde. Den 1. Preis gewann Harro Frey f\u00fcr seinen wunderbaren Bussard aus Bronze.<\/p>\n<figure id=\"attachment_1020\" aria-describedby=\"caption-attachment-1020\" style=\"width: 550px\" class=\"wp-caption aligncenter\"><img loading=\"lazy\" decoding=\"async\" class=\"wp-image-1020 size-full\" title=\"Bussard - eine Bronze von Harro Frey\" src=\"https:\/\/www.margit-hohenberger.de\/blog\/wp-content\/uploads\/2011\/08\/bussard-bronze-harro-frey-BT-2011-1.jpg\" alt=\"Bussard - eine Bronze von Harro Frey\" width=\"550\" height=\"388\" \/><figcaption id=\"caption-attachment-1020\" class=\"wp-caption-text\">Bussard &#8211; eine Bronze von Harro Frey<\/figcaption><\/figure>\n<figure id=\"attachment_1021\" aria-describedby=\"caption-attachment-1021\" style=\"width: 550px\" class=\"wp-caption aligncenter\"><img loading=\"lazy\" decoding=\"async\" class=\"wp-image-1021 size-full\" title=\"Bussard - Bronzeskulptur von Harro Frey\" src=\"https:\/\/www.margit-hohenberger.de\/blog\/wp-content\/uploads\/2011\/08\/bussard-bronze-harro-frey-BT-2011-2.jpg\" alt=\"Bussard - Bronzeskulptur von Harro Frey\" width=\"550\" height=\"553\" \/><figcaption id=\"caption-attachment-1021\" class=\"wp-caption-text\">Auf breiten Schwingen &#8211; Skulptur aus Bronze<\/figcaption><\/figure>\n<p>Vom 24. Juli bis 28. August 2011 gab es im Neuen Schloss in der Eremitage (um die man die Bayreuther beneiden k\u00f6nnte) wirklich sch\u00f6ne und interessante Kunstwerke zu sehen. Hier die Keramik-Arbeiten, die mich am meisten beeindruckt haben.<\/p>\n<figure id=\"attachment_1022\" aria-describedby=\"caption-attachment-1022\" style=\"width: 550px\" class=\"wp-caption aligncenter\"><img loading=\"lazy\" decoding=\"async\" class=\"wp-image-1022 size-full\" title=\"Tonplastik von Carla Schmidhuber\" src=\"https:\/\/www.margit-hohenberger.de\/blog\/wp-content\/uploads\/2011\/08\/tonplastik-carla-schmidhuber-BT-2011.jpg\" alt=\"Tonplastik von Carla Schmidhuber\" width=\"550\" height=\"859\" srcset=\"https:\/\/www.margit-hohenberger.de\/blog\/wp-content\/uploads\/2011\/08\/tonplastik-carla-schmidhuber-BT-2011.jpg 550w, https:\/\/www.margit-hohenberger.de\/blog\/wp-content\/uploads\/2011\/08\/tonplastik-carla-schmidhuber-BT-2011-512x800.jpg 512w\" sizes=\"auto, (max-width: 550px) 100vw, 550px\" \/><figcaption id=\"caption-attachment-1022\" class=\"wp-caption-text\">Tonplastik von Carla Schmidthuber aus Bad Berneck:<br \/> &#8222;Jede St\u00e4rke tr\u00e4gt eine Verwundbarkeit in sich&#8220;<\/figcaption><\/figure>\n<figure id=\"attachment_1023\" aria-describedby=\"caption-attachment-1023\" style=\"width: 550px\" class=\"wp-caption aligncenter\"><img loading=\"lazy\" decoding=\"async\" class=\"wp-image-1023 size-full\" title=\"Keramik Feyence von Sigrid Frey\" src=\"https:\/\/www.margit-hohenberger.de\/blog\/wp-content\/uploads\/2011\/08\/keramik-fayence-sigrid-frey-BT-2011.jpg\" alt=\"Keramik Feyence von Sigrid Frey\" width=\"550\" height=\"576\" \/><figcaption id=\"caption-attachment-1023\" class=\"wp-caption-text\">Keramik Feyence von Sigrid Frey aus Ingensdorf-Pettensiedel &#8222;Darbietung&#8220;<\/figcaption><\/figure>\n<figure id=\"attachment_1031\" aria-describedby=\"caption-attachment-1031\" style=\"width: 550px\" class=\"wp-caption aligncenter\"><img loading=\"lazy\" decoding=\"async\" class=\"wp-image-1031 size-full\" title=\"Keramik kalt bemalt von Antje Wenke Jakob\" src=\"https:\/\/www.margit-hohenberger.de\/blog\/wp-content\/uploads\/2011\/08\/keramik-kalt-bemalt-antje-wenke-jacob-BT-2011.jpg\" alt=\"Keramik kalt bemalt von Antje Wenke Jakob\" width=\"550\" height=\"448\" \/><figcaption id=\"caption-attachment-1031\" class=\"wp-caption-text\">Keramik kalt bemalt von Antje Wenke Jakob aus F\u00fcrth &#8222;Wahlverwandtschaft&#8220;<\/figcaption><\/figure>\n<figure id=\"attachment_1024\" aria-describedby=\"caption-attachment-1024\" style=\"width: 550px\" class=\"wp-caption aligncenter\"><img loading=\"lazy\" decoding=\"async\" class=\"wp-image-1024 size-full\" title=\"Keramik von Nahalie Snider-Lang\" src=\"https:\/\/www.margit-hohenberger.de\/blog\/wp-content\/uploads\/2011\/08\/keramik-von-Nathalie-schnider-lang-BT-2011.jpg\" alt=\"Keramik von Nahalie Snider-Lang\" width=\"550\" height=\"558\" \/><figcaption id=\"caption-attachment-1024\" class=\"wp-caption-text\">Keramik von Nathalie Schnider-Lang aus N\u00f6rdlingen &#8222;Dear Vivienne&#8220;<\/figcaption><\/figure>\n<p>&nbsp;<\/p>\n<figure id=\"attachment_1025\" aria-describedby=\"caption-attachment-1025\" style=\"width: 550px\" class=\"wp-caption aligncenter\"><img loading=\"lazy\" decoding=\"async\" class=\"wp-image-1025 size-full\" title=\"Modelliertes Steinzeug von Werner B. Nowak\" src=\"https:\/\/www.margit-hohenberger.de\/blog\/wp-content\/uploads\/2011\/08\/modelliertes-steinzeug-von-werner-b-nowak-BT-2011.jpg\" alt=\"Modelliertes Steinzeug von Werner B. Nowak\" width=\"550\" height=\"411\" \/><figcaption id=\"caption-attachment-1025\" class=\"wp-caption-text\">Modelliertes Steinzeug von Werner B. Nowak aus Erlangen &#8222;all different &#8230; all equal 4&#8220;<\/figcaption><\/figure>\n<p>Die Ausstellung in Bayreuth in der Eremitage musste man sich (vor)merken. Interessant und in herrlicher Umgebung im Neuen Schlo\u00df in der Eremitage. Die Termine auf der WebSite vom <a title=\"Kunstverein Bayreuth\" href=\"http:\/\/www.kunstverein-bayreuth.de\" target=\"_blank\">Kunstverein Bayreuth<\/a>.<\/p>\n","protected":false},"excerpt":{"rendered":"<p>K\u00fcnstler aus ganz Deutschland l\u00e4dt der Kunstverein zu seiner traditionellen Jahresausstellung in der Eremitage in Bayreuth ein. Ca. 60 schaffen es mir ihren Arbeiten in die Kunstausstellung. Unter diesen werden die Preistr\u00e4ger f\u00fcr den Energent-Kunstpreis ermittelt, der 2011 zum zweiten Mal vergeben wurde. Den 1. Preis gewann Harro Frey f\u00fcr seinen wunderbaren Bussard aus Bronze. Vom 24. Juli bis 28. August 2011 gab es im Neuen Schloss in der Eremitage (um die man die Bayreuther beneiden k\u00f6nnte) wirklich sch\u00f6ne und&#8230;<\/p>\n<p class=\"read-more\"><a class=\"btn btn-default\" href=\"https:\/\/www.margit-hohenberger.de\/blog\/61-bayreuther-kunstausstellung-skulptur-keramik\/\">Weiterlesen<span class=\"screen-reader-text\"> Weiterlesen<\/span><\/a><\/p>\n","protected":false},"author":2,"featured_media":1020,"comment_status":"open","ping_status":"open","sticky":false,"template":"","format":"standard","meta":{"footnotes":""},"categories":[3],"tags":[27,96,236],"class_list":["post-1019","post","type-post","status-publish","format-standard","has-post-thumbnail","hentry","category-ausstellungen","tag-bronze","tag-keramik-statue","tag-kunst-keramik"],"aioseo_notices":[],"_links":{"self":[{"href":"https:\/\/www.margit-hohenberger.de\/blog\/wp-json\/wp\/v2\/posts\/1019","targetHints":{"allow":["GET"]}}],"collection":[{"href":"https:\/\/www.margit-hohenberger.de\/blog\/wp-json\/wp\/v2\/posts"}],"about":[{"href":"https:\/\/www.margit-hohenberger.de\/blog\/wp-json\/wp\/v2\/types\/post"}],"author":[{"embeddable":true,"href":"https:\/\/www.margit-hohenberger.de\/blog\/wp-json\/wp\/v2\/users\/2"}],"replies":[{"embeddable":true,"href":"https:\/\/www.margit-hohenberger.de\/blog\/wp-json\/wp\/v2\/comments?post=1019"}],"version-history":[{"count":0,"href":"https:\/\/www.margit-hohenberger.de\/blog\/wp-json\/wp\/v2\/posts\/1019\/revisions"}],"wp:featuredmedia":[{"embeddable":true,"href":"https:\/\/www.margit-hohenberger.de\/blog\/wp-json\/wp\/v2\/media\/1020"}],"wp:attachment":[{"href":"https:\/\/www.margit-hohenberger.de\/blog\/wp-json\/wp\/v2\/media?parent=1019"}],"wp:term":[{"taxonomy":"category","embeddable":true,"href":"https:\/\/www.margit-hohenberger.de\/blog\/wp-json\/wp\/v2\/categories?post=1019"},{"taxonomy":"post_tag","embeddable":true,"href":"https:\/\/www.margit-hohenberger.de\/blog\/wp-json\/wp\/v2\/tags?post=1019"}],"curies":[{"name":"wp","href":"https:\/\/api.w.org\/{rel}","templated":true}]}}