{"id":1044,"date":"2011-09-24T15:57:25","date_gmt":"2011-09-24T15:57:25","guid":{"rendered":"http:\/\/www.margit-hohenberger.de\/blog\/?p=1044"},"modified":"2015-05-10T13:35:11","modified_gmt":"2015-05-10T13:35:11","slug":"grafik-und-plastik-von-erik-seidel-aus-einem-guss","status":"publish","type":"post","link":"https:\/\/www.margit-hohenberger.de\/blog\/grafik-und-plastik-von-erik-seidel-aus-einem-guss\/","title":{"rendered":"Grafik und Plastik von Erik Seidel &#8211; aus einem Gu\u00df"},"content":{"rendered":"<p>&#8222;Aus einem Gu\u00df&#8220;. Erik Seidel, K\u00fcnstler aus Plauen pr\u00e4sentiert Grafik und Plastik in der Kunstgalerie Altes Rathaus in Schwarzenbach\/Saale. Die Werke von Erik Seidel sind sehr klar und deutlich in der Aussage, handwerklich perfekt und einfach sch\u00f6n anzuschauen.<\/p>\n<figure id=\"attachment_1045\" aria-describedby=\"caption-attachment-1045\" style=\"width: 550px\" class=\"wp-caption aligncenter\"><img loading=\"lazy\" decoding=\"async\" class=\"wp-image-1045 size-full\" title=\"Eric Seidel, Plastik, Ikarus (Eisenguss) und Paris (Bronze)\" src=\"https:\/\/www.margit-hohenberger.de\/blog\/wp-content\/uploads\/2011\/09\/eric-seidel-skulpturen.jpg\" alt=\"Eric Seidel, Plastik, Ikarus (Eisenguss) und Paris (Bronze)\" width=\"550\" height=\"518\" \/><figcaption id=\"caption-attachment-1045\" class=\"wp-caption-text\">Eric Seidel, Plastik, Ikarus (Eisenguss) und Paris (Bronze)<\/figcaption><\/figure>\n<figure id=\"attachment_1046\" aria-describedby=\"caption-attachment-1046\" style=\"width: 550px\" class=\"wp-caption aligncenter\"><img loading=\"lazy\" decoding=\"async\" class=\"wp-image-1046 size-full\" title=\"Eric Seidel Farbholzschnitt: Sieh nicht zur\u00fcck!\" src=\"https:\/\/www.margit-hohenberger.de\/blog\/wp-content\/uploads\/2011\/09\/eric-seidel-farbholzschnitt-sieh-nicht-zurueck.jpg\" alt=\"Eric Seidel Farbholzschnitt: Sieh nicht zur\u00fcck!\" width=\"550\" height=\"301\" \/><figcaption id=\"caption-attachment-1046\" class=\"wp-caption-text\">Eric Seidel Farbholzschnitt: Sieh nicht zur\u00fcck!<\/figcaption><\/figure>\n<p>&#8222;Sieh nicht zur\u00fcck&#8220; Dieser Farbholzschnitt zeigt Paris, fotografiert vom Eiffelturm. Erik Seidel sagt \u00fcber seine Werke sehr treffend: &#8222;Du hast das Gef\u00fchl: das wird was&#8230;&#8220; Und dann wird es auch was.<\/p>\n<figure id=\"attachment_1047\" aria-describedby=\"caption-attachment-1047\" style=\"width: 550px\" class=\"wp-caption aligncenter\"><img loading=\"lazy\" decoding=\"async\" class=\"wp-image-1047 size-full\" title=\"Eric Seidel Holzschnitt: Vor seinen Augen\" src=\"https:\/\/www.margit-hohenberger.de\/blog\/wp-content\/uploads\/2011\/09\/eric-seidel-holzschnitt-vor-seinen-augen.jpg\" alt=\"Eric Seidel Holzschnitt: Vor seinen Augen\" width=\"550\" height=\"410\" \/><figcaption id=\"caption-attachment-1047\" class=\"wp-caption-text\">Eric Seidel Holzschnitt: Vor seinen Augen<\/figcaption><\/figure>\n<p>Die Ausstellung von Erik Seidel in Schwarzenbach ist sehr harmoisch gestaltet, Grafik und Skulptur erg\u00e4nzen sich und man f\u00fchlt sich angenehm gut aufgehoben und angesprochen.<\/p>\n<figure id=\"attachment_1048\" aria-describedby=\"caption-attachment-1048\" style=\"width: 550px\" class=\"wp-caption aligncenter\"><img loading=\"lazy\" decoding=\"async\" class=\"wp-image-1048 size-full\" title=\"Eric Seidel Farbholzschnitt: Klenglervariationen V\" src=\"https:\/\/www.margit-hohenberger.de\/blog\/wp-content\/uploads\/2011\/09\/eric-seidel-farbholzschnitt-klengervariationenV.jpg\" alt=\"Eric Seidel Farbholzschnitt: Klenglervariationen V\" width=\"550\" height=\"405\" \/><figcaption id=\"caption-attachment-1048\" class=\"wp-caption-text\">Eric Seidel Farbholzschnitt: Klenglervariationen V<\/figcaption><\/figure>\n<p>Klenglervariationen &#8211; Eine ganze Serie von Farbholzschnitten skizziert Musik &#8211; fast kann man die Musik h\u00f6ren.<\/p>\n<figure id=\"attachment_1049\" aria-describedby=\"caption-attachment-1049\" style=\"width: 550px\" class=\"wp-caption aligncenter\"><img loading=\"lazy\" decoding=\"async\" class=\"wp-image-1049 size-full\" title=\"Eric Seidel Farbholzschnitt: Wegzeichen I und III\" src=\"https:\/\/www.margit-hohenberger.de\/blog\/wp-content\/uploads\/2011\/09\/eric-seidel-farbholzschnitt-wegzeichen.jpg\" alt=\"Eric Seidel Farbholzschnitt: Wegzeichen I und III\" width=\"550\" height=\"351\" \/><figcaption id=\"caption-attachment-1049\" class=\"wp-caption-text\">Eric Seidel Farbholzschnitt: Wegzeichen I und III<\/figcaption><\/figure>\n<p>Kleinere Farbholzschnitte wie die Wegzeichen runden die Ausstellung ab.<\/p>\n<figure id=\"attachment_1050\" aria-describedby=\"caption-attachment-1050\" style=\"width: 550px\" class=\"wp-caption aligncenter\"><img loading=\"lazy\" decoding=\"async\" class=\"wp-image-1050 size-full\" title=\"Eric Seidel Farbholzschnitt: Fr\u00fchlingssinfonie I\" src=\"https:\/\/www.margit-hohenberger.de\/blog\/wp-content\/uploads\/2011\/09\/eric-seidel-farbholzschnitt-fruehlingssinfonie1.jpg\" alt=\"Eric Seidel Farbholzschnitt: Fr\u00fchlingssinfonie I\" width=\"550\" height=\"426\" \/><figcaption id=\"caption-attachment-1050\" class=\"wp-caption-text\">Eric Seidel Farbholzschnitt: Fr\u00fchlingssinfonie I<\/figcaption><\/figure>\n<p>Die Fr\u00fchlingssinfonie: st\u00fcrmisch und harmonisch zugleich.<\/p>\n<figure id=\"attachment_1051\" aria-describedby=\"caption-attachment-1051\" style=\"width: 550px\" class=\"wp-caption aligncenter\"><img loading=\"lazy\" decoding=\"async\" class=\"wp-image-1051 size-full\" title=\"Eric Seidel vor seinen Arbeiten - im Gespr\u00e4ch...\" src=\"https:\/\/www.margit-hohenberger.de\/blog\/wp-content\/uploads\/2011\/09\/eric-seidel-portrait.jpg\" alt=\"Eric Seidel vor seinen Arbeiten - im Gespr\u00e4ch...\" width=\"550\" height=\"286\" \/><figcaption id=\"caption-attachment-1051\" class=\"wp-caption-text\">Eric Seidel vor seinen Arbeiten &#8211; im Gespr\u00e4ch&#8230;<\/figcaption><\/figure>\n<p>Erik Seidel, hier ein Schnappschuss vor seinen Bildern im Gespr\u00e4ch&#8230; es lohnt sich Erik kennen zu lernen denn er und seine Grafik und Plastik sind eine echte Bereicherung. Sehr empfehlenswert.<\/p>\n<p>Grafik und Plastik von Erik Seidel, Plauen,<br \/>\nvom 23.09.2011 bis 06.11.2011<\/p>\n<p>ST\u00c4DTISCHE KUNSTGALERIE ALTES RATHAUS<\/p>\n<ul>\n<li>\u00d6ffnungszeiten: Sonntags von 14 bis 16 Uhr oder nach telefonischer Vereinbarung mit der Stadt Schwarzenbach a. d. Saale,<\/li>\n<li>Telefon 0 92 84 \/ 933 &#8211; 0<\/li>\n<li>Marktplatz 5 95126 Schwarzenbach a. d. Saale<\/li>\n<li><a title=\"K\u00fcnstler Erik Seidel\" href=\"http:\/\/www.erikseidel.de\" target=\"_blank\">www.erikseidel.de<\/a><\/li>\n<li><a title=\"Kunstgalerie Schwarzenbach\/Saale\" href=\"http:\/\/kunstgalerie.schwarzenbach-saale.de\/\" target=\"_blank\">kunstgalerie.schwarzenbach-saale.de<\/a><\/li>\n<\/ul>\n","protected":false},"excerpt":{"rendered":"<p>&#8222;Aus einem Gu\u00df&#8220;. Erik Seidel, K\u00fcnstler aus Plauen pr\u00e4sentiert Grafik und Plastik in der Kunstgalerie Altes Rathaus in Schwarzenbach\/Saale. Die Werke von Erik Seidel sind sehr klar und deutlich in der Aussage, handwerklich perfekt und einfach sch\u00f6n anzuschauen. &#8222;Sieh nicht zur\u00fcck&#8220; Dieser Farbholzschnitt zeigt Paris, fotografiert vom Eiffelturm. Erik Seidel sagt \u00fcber seine Werke sehr treffend: &#8222;Du hast das Gef\u00fchl: das wird was&#8230;&#8220; Und dann wird es auch was. Die Ausstellung von Erik Seidel in Schwarzenbach ist sehr harmoisch gestaltet,&#8230;<\/p>\n<p class=\"read-more\"><a class=\"btn btn-default\" href=\"https:\/\/www.margit-hohenberger.de\/blog\/grafik-und-plastik-von-erik-seidel-aus-einem-guss\/\">Weiterlesen<span class=\"screen-reader-text\"> Weiterlesen<\/span><\/a><\/p>\n","protected":false},"author":2,"featured_media":2760,"comment_status":"open","ping_status":"open","sticky":false,"template":"","format":"standard","meta":{"footnotes":""},"categories":[3],"tags":[104,106],"class_list":["post-1044","post","type-post","status-publish","format-standard","has-post-thumbnail","hentry","category-ausstellungen","tag-keramik-skulptur","tag-kunstgalerie-altes-rathaus"],"aioseo_notices":[],"_links":{"self":[{"href":"https:\/\/www.margit-hohenberger.de\/blog\/wp-json\/wp\/v2\/posts\/1044","targetHints":{"allow":["GET"]}}],"collection":[{"href":"https:\/\/www.margit-hohenberger.de\/blog\/wp-json\/wp\/v2\/posts"}],"about":[{"href":"https:\/\/www.margit-hohenberger.de\/blog\/wp-json\/wp\/v2\/types\/post"}],"author":[{"embeddable":true,"href":"https:\/\/www.margit-hohenberger.de\/blog\/wp-json\/wp\/v2\/users\/2"}],"replies":[{"embeddable":true,"href":"https:\/\/www.margit-hohenberger.de\/blog\/wp-json\/wp\/v2\/comments?post=1044"}],"version-history":[{"count":0,"href":"https:\/\/www.margit-hohenberger.de\/blog\/wp-json\/wp\/v2\/posts\/1044\/revisions"}],"wp:featuredmedia":[{"embeddable":true,"href":"https:\/\/www.margit-hohenberger.de\/blog\/wp-json\/wp\/v2\/media\/2760"}],"wp:attachment":[{"href":"https:\/\/www.margit-hohenberger.de\/blog\/wp-json\/wp\/v2\/media?parent=1044"}],"wp:term":[{"taxonomy":"category","embeddable":true,"href":"https:\/\/www.margit-hohenberger.de\/blog\/wp-json\/wp\/v2\/categories?post=1044"},{"taxonomy":"post_tag","embeddable":true,"href":"https:\/\/www.margit-hohenberger.de\/blog\/wp-json\/wp\/v2\/tags?post=1044"}],"curies":[{"name":"wp","href":"https:\/\/api.w.org\/{rel}","templated":true}]}}