{"id":1245,"date":"2012-03-18T17:55:18","date_gmt":"2012-03-18T17:55:18","guid":{"rendered":"http:\/\/www.margit-hohenberger.de\/blog\/?p=1245"},"modified":"2016-09-03T06:41:55","modified_gmt":"2016-09-03T06:41:55","slug":"keramik-vasen-mit-farbigen-glasuren-fruehlingsgefuehle-in-ton","status":"publish","type":"post","link":"https:\/\/www.margit-hohenberger.de\/blog\/keramik-vasen-mit-farbigen-glasuren-fruehlingsgefuehle-in-ton\/","title":{"rendered":"Keramik Vasen mit farbigen Glasuren &#8211; Fr\u00fchlingsgef\u00fchle in Ton"},"content":{"rendered":"<p>Neben meinen Keramik-Figuren und Gartenfiguren befasse ich mich immer wieder mit Neuem. Besonders die farbigen Glasuren faszinieren mich. Normalerweise verwende ich schwarz-weisse oder nur dezent farbige Glasuren, deshalb werde ich mehr Farbe und echte Fr\u00fchlingsgef\u00fchle in meine Keramik Kunst bringen.<!--more--><\/p>\n<figure id=\"attachment_1246\" aria-describedby=\"caption-attachment-1246\" style=\"width: 550px\" class=\"wp-caption aligncenter\"><img loading=\"lazy\" decoding=\"async\" class=\"wp-image-1246 size-full\" title=\"Raku Vase halbrund mit Porzellan-Karo\" src=\"https:\/\/www.margit-hohenberger.de\/blog\/wp-content\/uploads\/2012\/03\/raku-vase-halbrund.jpg\" alt=\"Raku Vase halbrund mit Porzellan-Karo\" width=\"550\" height=\"411\" \/><figcaption id=\"caption-attachment-1246\" class=\"wp-caption-text\">Raku Vase halbrund mit Porzellan-Karo<\/figcaption><\/figure>\n<p>Dies Vase hat kleine Porzellanpl\u00e4ttchen als Karo in die Tonplatte eingelegt, die vorher mit Engobe eingef\u00e4rbt wurde. Nach dem Schr\u00fchbrand mit transparenter Glasur \u00fcberzogen und im Rakuofen bzw. Technik gebrannt. Das Karo ist unter dem Craquele nur noch zu erahnen.<\/p>\n<figure id=\"attachment_1247\" aria-describedby=\"caption-attachment-1247\" style=\"width: 549px\" class=\"wp-caption aligncenter\"><img loading=\"lazy\" decoding=\"async\" class=\"wp-image-1247 size-full\" title=\"Raku Deckelvase (oder Dose)\" src=\"https:\/\/www.margit-hohenberger.de\/blog\/wp-content\/uploads\/2012\/03\/raku-dose-keramik.jpg\" alt=\"Raku Deckelvase (oder Dose)\" width=\"549\" height=\"438\" \/><figcaption id=\"caption-attachment-1247\" class=\"wp-caption-text\">Raku Deckelvase (oder Dose)<\/figcaption><\/figure>\n<p>Die Deckelvase ist aus Tonplatten aufgebaut und nach dem Schr\u00fchbrand habe ich das Muster mit verschiedenen Glasuren aufgetragen. Ich wollte rechteckige, grafische Gestaltung mit weichen, runden Formen kombinieren.<\/p>\n<figure id=\"attachment_1249\" aria-describedby=\"caption-attachment-1249\" style=\"width: 550px\" class=\"wp-caption aligncenter\"><img loading=\"lazy\" decoding=\"async\" class=\"wp-image-1249 size-full\" title=\"Raku Keramik Vase mit Deckel (oder als Dose)\" src=\"https:\/\/www.margit-hohenberger.de\/blog\/wp-content\/uploads\/2012\/03\/rakukeramik-dose.jpg\" alt=\"Raku Keramik Vase mit Deckel (oder als Dose)\" width=\"550\" height=\"684\" \/><figcaption id=\"caption-attachment-1249\" class=\"wp-caption-text\">Raku Keramik Vase mit Deckel (oder als Dose)<\/figcaption><\/figure>\n<p>F\u00fcr mich ist Raku immer wieder voller \u00dcberraschungen. Und auch das macht die <a href=\"http:\/\/www.margit-hohenberger.de\" title=\"Kunst aus Ton\">Kunst aus Ton<\/a> so spannend. Nat\u00fcrlich werden die Erkenntnisse und Erfahrungen die ich mit diesen Vasen machen konnte meine Skulpturen beeinflussen. Wie? Wenn ich das schon w\u00fcsste \ud83d\ude09<\/p>\n","protected":false},"excerpt":{"rendered":"<p>Neben meinen Keramik-Figuren und Gartenfiguren befasse ich mich immer wieder mit Neuem. Besonders die farbigen Glasuren faszinieren mich. Normalerweise verwende ich schwarz-weisse oder nur dezent farbige Glasuren, deshalb werde ich mehr Farbe und echte Fr\u00fchlingsgef\u00fchle in meine Keramik Kunst bringen.<\/p>\n","protected":false},"author":2,"featured_media":1246,"comment_status":"open","ping_status":"open","sticky":false,"template":"","format":"standard","meta":{"footnotes":""},"categories":[7],"tags":[219,173],"class_list":["post-1245","post","type-post","status-publish","format-standard","has-post-thumbnail","hentry","category-schoene-kunst","tag-duncan-glasuren","tag-vasen"],"aioseo_notices":[],"_links":{"self":[{"href":"https:\/\/www.margit-hohenberger.de\/blog\/wp-json\/wp\/v2\/posts\/1245","targetHints":{"allow":["GET"]}}],"collection":[{"href":"https:\/\/www.margit-hohenberger.de\/blog\/wp-json\/wp\/v2\/posts"}],"about":[{"href":"https:\/\/www.margit-hohenberger.de\/blog\/wp-json\/wp\/v2\/types\/post"}],"author":[{"embeddable":true,"href":"https:\/\/www.margit-hohenberger.de\/blog\/wp-json\/wp\/v2\/users\/2"}],"replies":[{"embeddable":true,"href":"https:\/\/www.margit-hohenberger.de\/blog\/wp-json\/wp\/v2\/comments?post=1245"}],"version-history":[{"count":0,"href":"https:\/\/www.margit-hohenberger.de\/blog\/wp-json\/wp\/v2\/posts\/1245\/revisions"}],"wp:featuredmedia":[{"embeddable":true,"href":"https:\/\/www.margit-hohenberger.de\/blog\/wp-json\/wp\/v2\/media\/1246"}],"wp:attachment":[{"href":"https:\/\/www.margit-hohenberger.de\/blog\/wp-json\/wp\/v2\/media?parent=1245"}],"wp:term":[{"taxonomy":"category","embeddable":true,"href":"https:\/\/www.margit-hohenberger.de\/blog\/wp-json\/wp\/v2\/categories?post=1245"},{"taxonomy":"post_tag","embeddable":true,"href":"https:\/\/www.margit-hohenberger.de\/blog\/wp-json\/wp\/v2\/tags?post=1245"}],"curies":[{"name":"wp","href":"https:\/\/api.w.org\/{rel}","templated":true}]}}