{"id":1326,"date":"2012-06-14T07:08:19","date_gmt":"2012-06-14T07:08:19","guid":{"rendered":"http:\/\/www.margit-hohenberger.de\/blog\/?p=1326"},"modified":"2016-08-05T04:28:52","modified_gmt":"2016-08-05T04:28:52","slug":"gartenmaedchen-im-gruenen-gartenskulptur","status":"publish","type":"post","link":"https:\/\/www.margit-hohenberger.de\/blog\/gartenmaedchen-im-gruenen-gartenskulptur\/","title":{"rendered":"Gartenm\u00e4dchen im Gr\u00fcnen &#8211; Gartenskulptur"},"content":{"rendered":"<p>Ich hatte mich gefreut, als der <a title=\"Gartenplanung Schlipf\" href=\"http:\/\/www.schlipf-der-garten.de\" target=\"_blank\" rel=\"nofollow\">Gartenplaner und -berater Rainer Schlipf<\/a> bei mir anfragte und sich f\u00fcr eine gro\u00dfe Gartenskulptur interessierte.<!--more--><\/p>\n<figure id=\"attachment_1327\" aria-describedby=\"caption-attachment-1327\" style=\"width: 550px\" class=\"wp-caption aligncenter\"><img loading=\"lazy\" decoding=\"async\" class=\"wp-image-1327 size-full\" title=\"Ein Gartenm\u00e4dchen, Gartenskulptur im Gr\u00fcnen\" src=\"https:\/\/www.margit-hohenberger.de\/blog\/wp-content\/uploads\/2012\/06\/gartenmaedchen-im-gruenen.jpg\" alt=\"Ein Gartenm\u00e4dchen, Gartenskulptur im Gr\u00fcnen\" width=\"550\" height=\"645\" \/><figcaption id=\"caption-attachment-1327\" class=\"wp-caption-text\">Ein Gartenm\u00e4dchen, Gartenskulptur im Gr\u00fcnen<\/figcaption><\/figure>\n<p>Diese gro\u00dfen <a title=\"Garten Figuren von Margit Hohenberger\" href=\"https:\/\/www.margit-hohenberger.de\/garten-figuren.htm\">Garten Figuren<\/a> sind immer eine Herausforderung. Gelingt die Form? \u00dcbersteht sie den Brand? Werden die Farben (Engoben) so wie geplant. Deshalb freut es mich umso mehr, dass das Gartenm\u00e4dchen nun so sch\u00f6n im Garten wirkt.<\/p>\n<figure id=\"attachment_1328\" aria-describedby=\"caption-attachment-1328\" style=\"width: 550px\" class=\"wp-caption aligncenter\"><img loading=\"lazy\" decoding=\"async\" class=\"wp-image-1328 size-full\" title=\"Gartenskulptur Gartenm\u00e4dchen\" src=\"https:\/\/www.margit-hohenberger.de\/blog\/wp-content\/uploads\/2012\/06\/gartenskulptur-gartenmaedchen.jpg\" alt=\"Gartenskulptur Gartenm\u00e4dchen\" width=\"550\" height=\"481\" \/><figcaption id=\"caption-attachment-1328\" class=\"wp-caption-text\">Gartenskulptur Gartenm\u00e4dchen vor Allium<\/figcaption><\/figure>\n<p>Rainer Schlipf schrieb \u00fcber das Gartenm\u00e4dchen, wor\u00fcber ich mich sehr gefreut habe:<\/p>\n<blockquote><p>Guten Morgen liebe K\u00fcnstlerin, wie versprochen wollte ich Ihnen schnellstm\u00f6glich ein erstes Foto Ihrer Figur zukommen lassen. Sie ist wunderbar zwischen den bodendeckenden Stauden platziert und somit Teil dieser gem\u00fctlichen Gartensitzecke (Bild oben). Von hier aus kann man den Garten \u00fcberblicken und wird gleichzeitig freundlich vom Gartenm\u00e4dchen angeguckt&#8230; Sp\u00e4ter im Jahr, wenn alles mehr eingewachsen sein wird, sende ich Ihnen noch mal ein Foto mit mehr \u00dcberblick&#8230; F\u00fcr Ihre Arbeit und k\u00fcnstlerische Hingabe in mein Gartenm\u00e4dchen nochmals vielen Dank.<\/p><\/blockquote>\n<p>Nachtrag am 18.07.2012: hier sind die versprochenen Fotos von Rainer Schlipf mit tollen Einblicken in einen wunderbaren Garten.<\/p>\n<figure id=\"attachment_1377\" aria-describedby=\"caption-attachment-1377\" style=\"width: 550px\" class=\"wp-caption aligncenter\"><img loading=\"lazy\" decoding=\"async\" class=\"wp-image-1377 size-full\" title=\"Gartenmaedchen mit Blick in den Garten von Rainer Schlipf\" src=\"https:\/\/www.margit-hohenberger.de\/blog\/wp-content\/uploads\/2012\/06\/Gartenmaedchen-mit-Blick-in-den-Garten.jpg\" alt=\"Gartenmaedchen mit Blick in den Garten von Rainer Schlipf\" width=\"550\" height=\"365\" \/><figcaption id=\"caption-attachment-1377\" class=\"wp-caption-text\">Gartenmaedchen mit Blick in den Garten von Rainer Schlipf<\/figcaption><\/figure>\n<figure id=\"attachment_1378\" aria-describedby=\"caption-attachment-1378\" style=\"width: 550px\" class=\"wp-caption aligncenter\"><img loading=\"lazy\" decoding=\"async\" class=\"wp-image-1378 size-full\" title=\"Gartenm\u00e4dchen im Garten von Rainer Schlipf\" src=\"https:\/\/www.margit-hohenberger.de\/blog\/wp-content\/uploads\/2012\/06\/Gartenmaedchen-im-Garten.jpeg\" alt=\"Gartenm\u00e4dchen im Garten von Rainer Schlipf\" width=\"550\" height=\"365\" \/><figcaption id=\"caption-attachment-1378\" class=\"wp-caption-text\">Gartenm\u00e4dchen im Garten von Rainer Schlipf<\/figcaption><\/figure>\n<blockquote><p>Auf diesen 2 Fotos k\u00f6nnen Sie sehr sch\u00f6n die Einbindung des Gartenm\u00e4dchens in meinem Garten erkennen, denn was n\u00fctzt das tollste Kunstwerk wenn das &#8218;Drum rum nicht stimmt&#8230;\u00a0Einmal dient es von Weitem als Blickfang wenn man den Rasenweg hoch l\u00e4uft und zum Andern ziert die Sch\u00f6ne den kleinen geborgenen Sitzplatz mit gleichzeitig tiefem Blick in den \u00fcbrigen Garten.\u00a0Sie sehen Ihre Arbeit hat sich sehr gelohnt und ich denke f\u00fcr Sie als K\u00fcnstlerin muss es eine Genugtuung sein zu wissen wie sch\u00f6n plaziert Ihre Arbeit &#8218;drau\u00dfen&#8216; bei Ihren Kunden ist&#8230;\u00a0Zu unserer &#8218;Offenen Gartenpforte&#8216; hatten wir trotz Regen um die 140 Besucher, die das M\u00e4dchen bewunderten. Au\u00dferdem habe ich immer mal wieder eine Gartenf\u00fchrung &#8211; also viele Gelegenheiten zum bestaunt werden. Bitte melden Sie sich einfach bei&#8230;<\/p><\/blockquote>\n<p>GartenPLANUNG, GartenBERATUNG<br \/>\nRainer Schlipf, In den Breitwiesen 42<br \/>\n74523 Schw\u00e4bisch Hall<br \/>\nTel. 0791\/84369<br \/>\n<a title=\"Gartenplanung Schlipf\" href=\"http:\/\/www.schlipf-der-garten.de\" target=\"_blank\" rel=\"nofollow\">www.schlipf-der-garten.de<\/a><\/p>\n<p>Nachtrag am 15.06.2016: Rainer Schlipf schickt dieses Foto. Das Gartenm\u00e4dchen ist voll im &#8222;Schw\u00e4bischen&#8220; integriert \ud83d\ude42<br \/>\n<figure id=\"attachment_3471\" aria-describedby=\"caption-attachment-3471\" style=\"width: 550px\" class=\"wp-caption aligncenter\"><img loading=\"lazy\" decoding=\"async\" class=\"wp-image-3471 size-full\" src=\"https:\/\/www.margit-hohenberger.de\/blog\/wp-content\/uploads\/2012\/06\/gartenkeramik-gartenmaedchen-schlipf-2016.jpg\" alt=\"Gartenkeramik Gartenm\u00e4dchen im Gr\u00fcnen\" width=\"550\" height=\"415\" \/><figcaption id=\"caption-attachment-3471\" class=\"wp-caption-text\">Gartenm\u00e4dchen im Juni 2016 &#8211; Gartenkeramik im Gr\u00fcnen<\/figcaption><\/figure><\/p>\n<blockquote><p>Liebe Frau Hohenberger,<br \/>\nhier mal wieder ein kurzer Gru\u00df von Ihrem Gartenm\u00e4dchen in Schw\u00e4bisch Hall. Es ist inzwischen in eine wunderbare Harmonie mit Garten und Pflanze eingegangen: feingliedriger Frauenfarn, filigraner Zwerg-Gei\u00dfbart und aufrechte Strukturen des Eisenhut umzingeln Ihr Kunstwerk und lassen es noch besser zur Geltung kommen. Die Halskette habe ich ihr umgeh\u00e4ngt um den Riss auf der Brust zu kaschieren.<br \/>\nSch\u00f6ner Gru\u00df<br \/>\nRainer Schlipf\n<\/p><\/blockquote>\n","protected":false},"excerpt":{"rendered":"<p>Ich hatte mich gefreut, als der Gartenplaner und -berater Rainer Schlipf bei mir anfragte und sich f\u00fcr eine gro\u00dfe Gartenskulptur interessierte.<\/p>\n","protected":false},"author":2,"featured_media":1328,"comment_status":"open","ping_status":"open","sticky":false,"template":"","format":"standard","meta":{"footnotes":""},"categories":[5,6],"tags":[34,54,60,65],"class_list":["post-1326","post","type-post","status-publish","format-standard","has-post-thumbnail","hentry","category-garten","category-skulptur-plastiken","tag-dekoration-figuren","tag-gartenbau","tag-gartengestaltung","tag-gartenskulpturen"],"aioseo_notices":[],"_links":{"self":[{"href":"https:\/\/www.margit-hohenberger.de\/blog\/wp-json\/wp\/v2\/posts\/1326","targetHints":{"allow":["GET"]}}],"collection":[{"href":"https:\/\/www.margit-hohenberger.de\/blog\/wp-json\/wp\/v2\/posts"}],"about":[{"href":"https:\/\/www.margit-hohenberger.de\/blog\/wp-json\/wp\/v2\/types\/post"}],"author":[{"embeddable":true,"href":"https:\/\/www.margit-hohenberger.de\/blog\/wp-json\/wp\/v2\/users\/2"}],"replies":[{"embeddable":true,"href":"https:\/\/www.margit-hohenberger.de\/blog\/wp-json\/wp\/v2\/comments?post=1326"}],"version-history":[{"count":0,"href":"https:\/\/www.margit-hohenberger.de\/blog\/wp-json\/wp\/v2\/posts\/1326\/revisions"}],"wp:featuredmedia":[{"embeddable":true,"href":"https:\/\/www.margit-hohenberger.de\/blog\/wp-json\/wp\/v2\/media\/1328"}],"wp:attachment":[{"href":"https:\/\/www.margit-hohenberger.de\/blog\/wp-json\/wp\/v2\/media?parent=1326"}],"wp:term":[{"taxonomy":"category","embeddable":true,"href":"https:\/\/www.margit-hohenberger.de\/blog\/wp-json\/wp\/v2\/categories?post=1326"},{"taxonomy":"post_tag","embeddable":true,"href":"https:\/\/www.margit-hohenberger.de\/blog\/wp-json\/wp\/v2\/tags?post=1326"}],"curies":[{"name":"wp","href":"https:\/\/api.w.org\/{rel}","templated":true}]}}