{"id":1732,"date":"2013-01-27T20:26:11","date_gmt":"2013-01-27T20:26:11","guid":{"rendered":"http:\/\/www.margit-hohenberger.de\/blog\/?p=1732"},"modified":"2016-10-05T09:33:43","modified_gmt":"2016-10-05T09:33:43","slug":"edmund-heidenreich-schwarzenbacher-kunstsammler","status":"publish","type":"post","link":"https:\/\/www.margit-hohenberger.de\/blog\/edmund-heidenreich-schwarzenbacher-kunstsammler\/","title":{"rendered":"Edmund Heidenreich &#8211; Schwarzenbacher Kunstsammler"},"content":{"rendered":"<p>Edmund Heidenreich war ein kunstsinniger Sammler und gro\u00dfer Liebhaber Schwarzenbacher Maler. Ihm zu Ehren &#8211; weil er so wundervolle Bilder gesammelt und dadurch viele K\u00fcnstler gef\u00f6rdert hat widmet ihm die Stadt Schwarzenbach eine Ausstellung in der Galerie Altes Rathaus.<\/p>\n<p>\n<figure id=\"attachment_1734\" aria-describedby=\"caption-attachment-1734\" style=\"width: 275px\" class=\"wp-caption alignright\"><img loading=\"lazy\" decoding=\"async\" class=\"size-full wp-image-1734\" src=\"https:\/\/www.margit-hohenberger.de\/blog\/wp-content\/uploads\/2013\/01\/edmund-heidenreich.jpg\" alt=\"Edmund Heidenreich\" width=\"275\" height=\"279\" \/><figcaption id=\"caption-attachment-1734\" class=\"wp-caption-text\">Edmund Heidenreich<\/figcaption><\/figure>Iniitiiert und kuratiert wurde die Ausstellung von Swanti Br\u00e4sike-Bartsch. Edmund Heidenreich verstarb im gesegnetem Alter 2012.<br \/>\n<br \/>Hier sehen Sie meine Lieblingsbilder aus der Sammlung die \u00f6ffentlich gezeigt wurden. Die Zwischentexte stammen aus dem Nachruf von seinen S\u00f6hnen.\n<\/p>\n<figure id=\"attachment_1733\" aria-describedby=\"caption-attachment-1733\" style=\"width: 550px\" class=\"wp-caption aligncenter\"><img loading=\"lazy\" decoding=\"async\" class=\"size-full wp-image-1733 \" src=\"https:\/\/www.margit-hohenberger.de\/blog\/wp-content\/uploads\/2013\/01\/schwarzenbacher-maler-edmund-heidenreich.jpg\" alt=\"Ausstellung zu Ehren Edmund Heidenreich, Schwarzenbacher Kunstsammler\" width=\"550\" height=\"186\" \/><figcaption id=\"caption-attachment-1733\" class=\"wp-caption-text\">Ausstellung zu Ehren Edmund Heidenreich, Kunstsammler<\/figcaption><\/figure>\n<figure id=\"attachment_1736\" aria-describedby=\"caption-attachment-1736\" style=\"width: 550px\" class=\"wp-caption aligncenter\"><img loading=\"lazy\" decoding=\"async\" class=\"size-full wp-image-1736 \" src=\"https:\/\/www.margit-hohenberger.de\/blog\/wp-content\/uploads\/2013\/01\/karl-bedal-herbst-in-schwarzenbach-aquarell.jpg\" alt=\"Karl Bedal: Herbst in Schwarzenbach\" width=\"550\" height=\"442\" \/><figcaption id=\"caption-attachment-1736\" class=\"wp-caption-text\">Karl Bedal: Herbst in Schwarzenbach (1965)<\/figcaption><\/figure>\n<blockquote><p>&#8222;&#8230; wer Edmund Heidenreich kannte, wei\u00df, dass er sich sein ganzes Leben mit Leidenschaft und Engagement der Pflege und Unterst\u00fctzung der Kunst gewidmet hat. Insbesondere die Maler nd K\u00fcnstler der Schwarzenbacher Heimat haben dabei seine Aufmerksamkeit und Hingabe erfahren.<\/p><\/blockquote>\n<figure id=\"attachment_1738\" aria-describedby=\"caption-attachment-1738\" style=\"width: 550px\" class=\"wp-caption aligncenter\"><img loading=\"lazy\" decoding=\"async\" class=\"size-full wp-image-1738\" src=\"https:\/\/www.margit-hohenberger.de\/blog\/wp-content\/uploads\/2013\/01\/reiter-anton-richter-pastell-tempera.jpg\" alt=\"Reiter - Bild von Anton Richter\" width=\"550\" height=\"736\" \/><figcaption id=\"caption-attachment-1738\" class=\"wp-caption-text\">Anton Richter: Reiter (Pastell\/Tempera)<\/figcaption><\/figure>\n<blockquote><p>Ich erinnere mich noch genau, wie ich als Kind von 5-6 Jahren mit ihm das Atelier von Anton Richter besucht habe. F\u00fcr uns als Kinder war es ein unvergessliches Erlebnis &#8211; der Geruch nach \u00d6lfarbe und Terpentin, die einem Sch\u00f6pfungsort eigene, kreative Unordnung, die fertigen und halbfertigen Bilder auf den diversen Staffeleien, die \u00fcberquellenden Aschenbecher, die ausgedr\u00fcckten Farbtuben, die f\u00fcr mich als Kind schier endlosen Diskussionen \u00fcber Kunst und Malerei, es war genau dieser direkte Kontakt mit der Kunst, die ihn mit vielen ans\u00e4ssigen Kunstschaffenden verband.<\/p><\/blockquote>\n<figure id=\"attachment_1740\" aria-describedby=\"caption-attachment-1740\" style=\"width: 550px\" class=\"wp-caption aligncenter\"><img loading=\"lazy\" decoding=\"async\" class=\"size-full wp-image-1740\" src=\"https:\/\/www.margit-hohenberger.de\/blog\/wp-content\/uploads\/2013\/01\/adrian-senger-carnate.jpg\" alt=\"Adrian Senger - Canarte\" width=\"550\" height=\"471\" \/><figcaption id=\"caption-attachment-1740\" class=\"wp-caption-text\">Adrian Senger &#8211; Canarte<\/figcaption><\/figure>\n<blockquote><p>Uns sind noch gut die sonnt\u00e4glichen Ausfl\u00fcge nicht nur in Anton Richters Atelier in Erinnerung, sondern gleicherma\u00dfen die Besuche bei Arthur Seedorf, Herbert Schildbach, Adrian Senger, Karl Bedal, um nur einige zu nennen.<\/p><\/blockquote>\n<figure id=\"attachment_1741\" aria-describedby=\"caption-attachment-1741\" style=\"width: 550px\" class=\"wp-caption aligncenter\"><img loading=\"lazy\" decoding=\"async\" class=\"size-full wp-image-1741 \" src=\"https:\/\/www.margit-hohenberger.de\/blog\/wp-content\/uploads\/2013\/01\/christoph-herrmann-casablanca.jpg\" alt=\"Christoph Herrmann - Casablanca\" width=\"550\" height=\"440\" \/><figcaption id=\"caption-attachment-1741\" class=\"wp-caption-text\">Christoph Herrmann &#8211; Casablanca (Acryl\/\u00d6l, 2005)<\/figcaption><\/figure>\n<blockquote><p>Es war seine vorbehaltlose Art, der Kunst und dem K\u00fcnstler seine Anerkennung zu zollen, sein sicheres Gesp\u00fcr f\u00fcr den richtigen k\u00fcnstlerischen Ausdruck, die ihn zum Sammler werden lie\u00dfen.<br \/>\nMehr als nur einmal hat er durch einen Kauf seines Bildes einem Maler auch aus einer klammen monet\u00e4ren Situation geholfen&#8230;&#8220;*<\/p><\/blockquote>\n<figure id=\"attachment_1744\" aria-describedby=\"caption-attachment-1744\" style=\"width: 550px\" class=\"wp-caption aligncenter\"><img loading=\"lazy\" decoding=\"async\" class=\"size-full wp-image-1744\" src=\"https:\/\/www.margit-hohenberger.de\/blog\/wp-content\/uploads\/2013\/01\/arthur-seedorf-blumen.jpg\" alt=\"Arthur Seedorf - Blumen\" width=\"550\" height=\"622\" \/><figcaption id=\"caption-attachment-1744\" class=\"wp-caption-text\">Arthur Seedorf: Mohnbl\u00fcten (\u00d6l)<\/figcaption><\/figure>\n<figure id=\"attachment_1745\" aria-describedby=\"caption-attachment-1745\" style=\"width: 550px\" class=\"wp-caption aligncenter\"><img loading=\"lazy\" decoding=\"async\" class=\"size-full wp-image-1745 \" src=\"https:\/\/www.margit-hohenberger.de\/blog\/wp-content\/uploads\/2013\/01\/anton-richter-auf-dem-feld-pastell-tempera.jpg\" alt=\"Anton Richter - Auf dem Feld\" width=\"550\" height=\"378\" \/><figcaption id=\"caption-attachment-1745\" class=\"wp-caption-text\">Anton Richter &#8211; Auf dem Feld (Pastell\/Tempera)<\/figcaption><\/figure>\n<figure id=\"attachment_1746\" aria-describedby=\"caption-attachment-1746\" style=\"width: 550px\" class=\"wp-caption aligncenter\"><img loading=\"lazy\" decoding=\"async\" class=\"size-full wp-image-1746\" src=\"https:\/\/www.margit-hohenberger.de\/blog\/wp-content\/uploads\/2013\/01\/arthur-seedorf-berlin-friedrichstrasse.jpg\" alt=\"Arthur Seedorf - Berlin Friedrichstra\u00dfe\" width=\"550\" height=\"593\" \/><figcaption id=\"caption-attachment-1746\" class=\"wp-caption-text\">Arthur Seedorf: Berlin Friedrichstra\u00dfe (\u00d6l)<\/figcaption><\/figure>\n<figure id=\"attachment_1754\" aria-describedby=\"caption-attachment-1754\" style=\"width: 550px\" class=\"wp-caption aligncenter\"><img loading=\"lazy\" decoding=\"async\" class=\"size-full wp-image-1754\" src=\"https:\/\/www.margit-hohenberger.de\/blog\/wp-content\/uploads\/2013\/01\/adrian-senger-oelgemaelde-dorf.jpg\" alt=\"Adrian Senger - \u00d6lgem\u00e4lde Das Dorf\" width=\"550\" height=\"438\" \/><figcaption id=\"caption-attachment-1754\" class=\"wp-caption-text\">Adrian Senger: Dorf (\u00d6l)<\/figcaption><\/figure>\n<figure id=\"attachment_1747\" aria-describedby=\"caption-attachment-1747\" style=\"width: 550px\" class=\"wp-caption aligncenter\"><img loading=\"lazy\" decoding=\"async\" class=\"size-full wp-image-1747\" src=\"https:\/\/www.margit-hohenberger.de\/blog\/wp-content\/uploads\/2013\/01\/thomas-weczerek-granatapfelblueten.jpg\" alt=\"Thomas Weczerek - Granatapfelblueten\" width=\"550\" height=\"433\" \/><figcaption id=\"caption-attachment-1747\" class=\"wp-caption-text\">Thomas Weczerek: Granatapfelblueten (\u00d6l, 1997)<\/figcaption><\/figure>\n<p>Edmund Heidenreich lebte und sammelte in Schwarzenbach\/Saale in der Rehauer Stra\u00dfe. Er hatte einen ausgezeichneten Geschmack und ein wunderbares Kunstverst\u00e4ndnis.<\/p>\n<p><em id=\"__mceDel\" style=\"line-height: 1.714285714; font-size: 1rem;\">*Auszug aus dem Nachruf\u00a0<\/em><em id=\"__mceDel\" style=\"line-height: 1.714285714; font-size: 1rem;\"><em id=\"__mceDel\"><span style=\"line-height: 1.714285714; font-size: 1rem;\">Helmut und Eckart Heidenreich, im Dezember 2011<\/span><\/em><\/em><\/p>\n","protected":false},"excerpt":{"rendered":"<p>Edmund Heidenreich war ein kunstsinniger Sammler und gro\u00dfer Liebhaber Schwarzenbacher Maler. Ihm zu Ehren &#8211; weil er so wundervolle Bilder gesammelt und dadurch viele K\u00fcnstler gef\u00f6rdert hat widmet ihm die Stadt Schwarzenbach eine Ausstellung in der Galerie Altes Rathaus. Iniitiiert und kuratiert wurde die Ausstellung von Swanti Br\u00e4sike-Bartsch. Edmund Heidenreich verstarb im gesegnetem Alter 2012. Hier sehen Sie meine Lieblingsbilder aus der Sammlung die \u00f6ffentlich gezeigt wurden. Die Zwischentexte stammen aus dem Nachruf von seinen S\u00f6hnen. &#8222;&#8230; wer Edmund Heidenreich&#8230;<\/p>\n<p class=\"read-more\"><a class=\"btn btn-default\" href=\"https:\/\/www.margit-hohenberger.de\/blog\/edmund-heidenreich-schwarzenbacher-kunstsammler\/\">Weiterlesen<span class=\"screen-reader-text\"> Weiterlesen<\/span><\/a><\/p>\n","protected":false},"author":2,"featured_media":1734,"comment_status":"open","ping_status":"open","sticky":false,"template":"","format":"standard","meta":{"footnotes":""},"categories":[3],"tags":[13,16,106,115,150],"class_list":["post-1732","post","type-post","status-publish","format-standard","has-post-thumbnail","hentry","category-ausstellungen","tag-aquarell","tag-arthur-seedorf","tag-kunstgalerie-altes-rathaus","tag-malerei","tag-schwarzenbach-saale"],"aioseo_notices":[],"_links":{"self":[{"href":"https:\/\/www.margit-hohenberger.de\/blog\/wp-json\/wp\/v2\/posts\/1732","targetHints":{"allow":["GET"]}}],"collection":[{"href":"https:\/\/www.margit-hohenberger.de\/blog\/wp-json\/wp\/v2\/posts"}],"about":[{"href":"https:\/\/www.margit-hohenberger.de\/blog\/wp-json\/wp\/v2\/types\/post"}],"author":[{"embeddable":true,"href":"https:\/\/www.margit-hohenberger.de\/blog\/wp-json\/wp\/v2\/users\/2"}],"replies":[{"embeddable":true,"href":"https:\/\/www.margit-hohenberger.de\/blog\/wp-json\/wp\/v2\/comments?post=1732"}],"version-history":[{"count":0,"href":"https:\/\/www.margit-hohenberger.de\/blog\/wp-json\/wp\/v2\/posts\/1732\/revisions"}],"wp:featuredmedia":[{"embeddable":true,"href":"https:\/\/www.margit-hohenberger.de\/blog\/wp-json\/wp\/v2\/media\/1734"}],"wp:attachment":[{"href":"https:\/\/www.margit-hohenberger.de\/blog\/wp-json\/wp\/v2\/media?parent=1732"}],"wp:term":[{"taxonomy":"category","embeddable":true,"href":"https:\/\/www.margit-hohenberger.de\/blog\/wp-json\/wp\/v2\/categories?post=1732"},{"taxonomy":"post_tag","embeddable":true,"href":"https:\/\/www.margit-hohenberger.de\/blog\/wp-json\/wp\/v2\/tags?post=1732"}],"curies":[{"name":"wp","href":"https:\/\/api.w.org\/{rel}","templated":true}]}}