{"id":1814,"date":"2013-03-23T20:53:00","date_gmt":"2013-03-23T20:53:00","guid":{"rendered":"http:\/\/www.margit-hohenberger.de\/blog\/?p=1814"},"modified":"2020-01-13T15:24:32","modified_gmt":"2020-01-13T15:24:32","slug":"gartenstele-zaunkoenig-und-zepter","status":"publish","type":"post","link":"https:\/\/www.margit-hohenberger.de\/blog\/gartenstele-zaunkoenig-und-zepter\/","title":{"rendered":"Gartenstele &#8211; Zaunk\u00f6nig und Zepter"},"content":{"rendered":"<p>Vielleicht hat Kunst einfach etwas damit zu tun, dass man ein Statement machen m\u00f6chte. Ein Bild, ein Foto, eine Skulptur oder ein Lied &#8211; etwas, das einen Eindruck, ein Gef\u00fchl, eine Reflexion g\u00fcltig und wahrnehmbar macht.<!--more--><\/p>\n<div id='gallery-1' class='gallery galleryid-1814 gallery-columns-3 gallery-size-thumbnail'><figure class='gallery-item'>\n\t\t\t<div class='gallery-icon portrait'>\n\t\t\t\t<a href='https:\/\/www.margit-hohenberger.de\/blog\/gartenstele-zaunkoenig-und-zepter\/gartenstele-spitze-zaunkoenig\/'><img loading=\"lazy\" decoding=\"async\" width=\"163\" height=\"230\" src=\"https:\/\/www.margit-hohenberger.de\/blog\/wp-content\/uploads\/2013\/03\/gartenstele-spitze-zaunkoenig.jpg\" class=\"attachment-thumbnail size-thumbnail\" alt=\"Gartenstele Spitze Zaunk\u00f6nig\" aria-describedby=\"gallery-1-1822\" \/><\/a>\n\t\t\t<\/div>\n\t\t\t\t<figcaption class='wp-caption-text gallery-caption' id='gallery-1-1822'>\n\t\t\t\tGartenstele Spitze Zaunk\u00f6nig\n\t\t\t\t<\/figcaption><\/figure><figure class='gallery-item'>\n\t\t\t<div class='gallery-icon portrait'>\n\t\t\t\t<a href='https:\/\/www.margit-hohenberger.de\/blog\/gartenstele-zaunkoenig-und-zepter\/gartenstele-spitze-zaunkoenig-kugel\/'><img loading=\"lazy\" decoding=\"async\" width=\"166\" height=\"230\" src=\"https:\/\/www.margit-hohenberger.de\/blog\/wp-content\/uploads\/2013\/03\/gartenstele-spitze-zaunkoenig-kugel.jpg\" class=\"attachment-thumbnail size-thumbnail\" alt=\"Gartenstele Spitze Zaunk\u00f6nig auf Kugel\" aria-describedby=\"gallery-1-1824\" \/><\/a>\n\t\t\t<\/div>\n\t\t\t\t<figcaption class='wp-caption-text gallery-caption' id='gallery-1-1824'>\n\t\t\t\tGartenstele Spitze Zaunk\u00f6nig auf Kugel\n\t\t\t\t<\/figcaption><\/figure><figure class='gallery-item'>\n\t\t\t<div class='gallery-icon portrait'>\n\t\t\t\t<a href='https:\/\/www.margit-hohenberger.de\/blog\/gartenstele-zaunkoenig-und-zepter\/gartenstele-spitze-krone\/'><img loading=\"lazy\" decoding=\"async\" width=\"155\" height=\"230\" src=\"https:\/\/www.margit-hohenberger.de\/blog\/wp-content\/uploads\/2013\/03\/gartenstele-spitze-krone.jpg\" class=\"attachment-thumbnail size-thumbnail\" alt=\"Gartenstele Spitze Krone\" aria-describedby=\"gallery-1-1823\" \/><\/a>\n\t\t\t<\/div>\n\t\t\t\t<figcaption class='wp-caption-text gallery-caption' id='gallery-1-1823'>\n\t\t\t\tGartenstele Spitze Krone\n\t\t\t\t<\/figcaption><\/figure>\n\t\t<\/div>\n\n<p>Der Winter 2012\/2013 ist einer der dunkelsten gewesen, die ich erlebt habe. Ich dachte an den Sommer, an den Garten und wie ich dort ein Statement machen k\u00f6nnte. In dieser Zeit begegnete mir beim St\u00f6bern in alten B\u00fcchern dieser Vers von <a title=\"Walter von der Vogelweide\" href=\"https:\/\/de.wikipedia.org\/wiki\/Walter_von_der_Vogelweide\" target=\"_blank\" rel=\"noopener noreferrer\">Walther von der Vogelweide<\/a>:<\/p>\n<p><img loading=\"lazy\" decoding=\"async\" class=\"alignright size-full wp-image-1818\" src=\"https:\/\/www.margit-hohenberger.de\/blog\/wp-content\/uploads\/2013\/03\/gartenstele-zepter.jpg\" alt=\"Gartenstele Zepter\" width=\"250\" height=\"474\" \/><\/p>\n<blockquote><p>\nAls der Sommer endlich kam,<br \/>\nund die Blumen wundersam<br \/>\ndurch die jungen Gr\u00e4ser drangen,<br \/>\nda \u00f6ffnete sich vor mir weit<br \/>\neine Wiese lang und breit,<br \/>\nwo ein frischer Quell entsprang,<br \/>\nda flo\u00df am Waldesrand entlang<br \/>\nzu der Nachtigallen Sang.\n<\/p><\/blockquote>\n<p>Das ist die erste Strophe des bekannten Traumliedes, man wei\u00df nicht genau, wann er es geschrieben hat. Wohl irgendwann zwischen 1208 und 12012. F\u00fcr mich auf jeden Fall ein Lichtblick in der &#8222;dunklen&#8220; Zeit. Mir kam die Idee einen Vogel (Zaunk\u00f6nig, Nachtigall) auf eine Kugel zu setzen. Die zweite Idee, eine Krone als Spitze f\u00fcr eine Gartenstele zu t\u00f6pfern. Ein Zepter, so wie ich es auf den Abbildungen neben dem Gedicht gesehen habe.<\/p>\n<p>Die Gartenstele ist <a title=\"Gartenkeramik\" href=\"https:\/\/www.margit-hohenberger.de\/garten-keramik.htm\">Gartenkeramik<\/a> aus Ton, und die Spitzen k\u00f6nnen ausgewechselt werden. Wie viele es sind? Walter von der Vogelweide w\u00fcrde sagen&#8230;<\/p>\n<blockquote><p>Nun h\u00f6ret zu, ihr lieben Leute:<br \/>\nZwei und Einer, das sind Drei,<br \/>\nund sie f\u00fcgte noch hinbei,<br \/>\nmein Daumen auch ein Finger sei.<\/p><\/blockquote>\n","protected":false},"excerpt":{"rendered":"<p>Vielleicht hat Kunst einfach etwas damit zu tun, dass man ein Statement machen m\u00f6chte. Ein Bild, ein Foto, eine Skulptur oder ein Lied &#8211; etwas, das einen Eindruck, ein Gef\u00fchl, eine Reflexion g\u00fcltig und wahrnehmbar macht.<\/p>\n","protected":false},"author":2,"featured_media":1822,"comment_status":"open","ping_status":"open","sticky":false,"template":"","format":"standard","meta":{"footnotes":""},"categories":[5],"tags":[48,194,110],"class_list":["post-1814","post","type-post","status-publish","format-standard","has-post-thumbnail","hentry","category-garten","tag-deko-im-garten","tag-gartenstele-keramik","tag-landschaft-kunst"],"aioseo_notices":[],"_links":{"self":[{"href":"https:\/\/www.margit-hohenberger.de\/blog\/wp-json\/wp\/v2\/posts\/1814","targetHints":{"allow":["GET"]}}],"collection":[{"href":"https:\/\/www.margit-hohenberger.de\/blog\/wp-json\/wp\/v2\/posts"}],"about":[{"href":"https:\/\/www.margit-hohenberger.de\/blog\/wp-json\/wp\/v2\/types\/post"}],"author":[{"embeddable":true,"href":"https:\/\/www.margit-hohenberger.de\/blog\/wp-json\/wp\/v2\/users\/2"}],"replies":[{"embeddable":true,"href":"https:\/\/www.margit-hohenberger.de\/blog\/wp-json\/wp\/v2\/comments?post=1814"}],"version-history":[{"count":2,"href":"https:\/\/www.margit-hohenberger.de\/blog\/wp-json\/wp\/v2\/posts\/1814\/revisions"}],"predecessor-version":[{"id":4566,"href":"https:\/\/www.margit-hohenberger.de\/blog\/wp-json\/wp\/v2\/posts\/1814\/revisions\/4566"}],"wp:featuredmedia":[{"embeddable":true,"href":"https:\/\/www.margit-hohenberger.de\/blog\/wp-json\/wp\/v2\/media\/1822"}],"wp:attachment":[{"href":"https:\/\/www.margit-hohenberger.de\/blog\/wp-json\/wp\/v2\/media?parent=1814"}],"wp:term":[{"taxonomy":"category","embeddable":true,"href":"https:\/\/www.margit-hohenberger.de\/blog\/wp-json\/wp\/v2\/categories?post=1814"},{"taxonomy":"post_tag","embeddable":true,"href":"https:\/\/www.margit-hohenberger.de\/blog\/wp-json\/wp\/v2\/tags?post=1814"}],"curies":[{"name":"wp","href":"https:\/\/api.w.org\/{rel}","templated":true}]}}