{"id":2299,"date":"2014-04-27T06:30:16","date_gmt":"2014-04-27T06:30:16","guid":{"rendered":"http:\/\/www.margit-hohenberger.de\/blog\/?p=2299"},"modified":"2016-12-30T08:25:22","modified_gmt":"2016-12-30T08:25:22","slug":"keramik-rabe-fuer-den-garten","status":"publish","type":"post","link":"https:\/\/www.margit-hohenberger.de\/blog\/keramik-rabe-fuer-den-garten\/","title":{"rendered":"Keramik Rabe f\u00fcr den Garten"},"content":{"rendered":"<p><strong>Rabengeschrei verdunkelt die Sonne nie&#8230;(Volksmund)<\/strong><!--more--><\/p>\n<figure id=\"attachment_2301\" aria-describedby=\"caption-attachment-2301\" style=\"width: 550px\" class=\"wp-caption aligncenter\"><img loading=\"lazy\" decoding=\"async\" class=\"wp-image-2301 size-full\" src=\"https:\/\/www.margit-hohenberger.de\/blog\/wp-content\/uploads\/2014\/04\/keramik-raben-garten.jpg\" alt=\"Keramik Rabe im Garten\" title=\"Keramik Rabe im Garten\" width=\"550\" height=\"537\" \/><figcaption id=\"caption-attachment-2301\" class=\"wp-caption-text\">Keramik Rabe auf Metalls\u00e4ule<\/figcaption><\/figure>\n<p>Kr\u00e4hen sind fazinierende V\u00f6gel. Ich bekomme immer Besuch von Elstern und Kr\u00e4hen. An meinem Fenster ziehen sie vorbei und manchmal machen sie Pause. Einer hat sich einen Zierapfel stibitzt und das hat mich zu der Gartenskulptur inspiriert.<\/p>\n<figure id=\"attachment_2302\" aria-describedby=\"caption-attachment-2302\" style=\"width: 550px\" class=\"wp-caption aligncenter\"><img loading=\"lazy\" decoding=\"async\" class=\"wp-image-2302 size-full\" src=\"https:\/\/www.margit-hohenberger.de\/blog\/wp-content\/uploads\/2014\/04\/keramik-rabe-garten-profil.jpg\" alt=\"Keramik Rabe mit Zierapfel\" title=\"Keramik Rabe mit Zierapfel\" width=\"550\" height=\"550\" \/><figcaption id=\"caption-attachment-2302\" class=\"wp-caption-text\">Kr\u00e4henvogel mit Beute<\/figcaption><\/figure>\n<p>F\u00fcr manche sind Kr\u00e4hen eine Plage oder Boten des Dunklen und Negativen. Das gilt f\u00fcr mich nicht. Ich finde Raben, Kr\u00e4hen und Elstern sch\u00f6ne Tiere, die viel sehen, immer zu zweit auftauchen und die Landschaft beleben.<\/p>\n<figure id=\"attachment_2303\" aria-describedby=\"caption-attachment-2303\" style=\"width: 550px\" class=\"wp-caption aligncenter\"><img loading=\"lazy\" decoding=\"async\" class=\"wp-image-2303 size-full\" src=\"https:\/\/www.margit-hohenberger.de\/blog\/wp-content\/uploads\/2014\/04\/keramik-rabe.jpg\" alt=\"Keramik Rabe\" title=\"Keramik Rabe\" width=\"550\" height=\"473\" \/><figcaption id=\"caption-attachment-2303\" class=\"wp-caption-text\">Rabengeschrei verdunkelt die Sonne nicht&#8230;<\/figcaption><\/figure>\n<figure id=\"attachment_2304\" aria-describedby=\"caption-attachment-2304\" style=\"width: 550px\" class=\"wp-caption aligncenter\"><img loading=\"lazy\" decoding=\"async\" class=\"wp-image-2304 size-full\" src=\"https:\/\/www.margit-hohenberger.de\/blog\/wp-content\/uploads\/2014\/04\/keramik-rabe-im-garten.jpg\" alt=\"Keramik Kr\u00e4he im Garten\" title=\"Keramik Kr\u00e4he im Garten\" width=\"550\" height=\"457\" \/><figcaption id=\"caption-attachment-2304\" class=\"wp-caption-text\">Wenn die Menschen w\u00fc\u00dften was wir sehen&#8230;<\/figcaption><\/figure>\n<p>Mein schwarzer Rabe ist ca. 45cm lang und etwa 35cm hoch. Aus Ton und frostfest gebrannt&#8230;<\/p>\n","protected":false},"excerpt":{"rendered":"<p>Rabengeschrei verdunkelt die Sonne nie&#8230;(Volksmund)<\/p>\n","protected":false},"author":2,"featured_media":2844,"comment_status":"open","ping_status":"open","sticky":false,"template":"","format":"standard","meta":{"footnotes":""},"categories":[5,6],"tags":[65,240,232],"class_list":["post-2299","post","type-post","status-publish","format-standard","has-post-thumbnail","hentry","category-garten","category-skulptur-plastiken","tag-gartenskulpturen","tag-rabenvogel","tag-tiere-aus-ton"],"aioseo_notices":[],"_links":{"self":[{"href":"https:\/\/www.margit-hohenberger.de\/blog\/wp-json\/wp\/v2\/posts\/2299","targetHints":{"allow":["GET"]}}],"collection":[{"href":"https:\/\/www.margit-hohenberger.de\/blog\/wp-json\/wp\/v2\/posts"}],"about":[{"href":"https:\/\/www.margit-hohenberger.de\/blog\/wp-json\/wp\/v2\/types\/post"}],"author":[{"embeddable":true,"href":"https:\/\/www.margit-hohenberger.de\/blog\/wp-json\/wp\/v2\/users\/2"}],"replies":[{"embeddable":true,"href":"https:\/\/www.margit-hohenberger.de\/blog\/wp-json\/wp\/v2\/comments?post=2299"}],"version-history":[{"count":3,"href":"https:\/\/www.margit-hohenberger.de\/blog\/wp-json\/wp\/v2\/posts\/2299\/revisions"}],"predecessor-version":[{"id":4201,"href":"https:\/\/www.margit-hohenberger.de\/blog\/wp-json\/wp\/v2\/posts\/2299\/revisions\/4201"}],"wp:featuredmedia":[{"embeddable":true,"href":"https:\/\/www.margit-hohenberger.de\/blog\/wp-json\/wp\/v2\/media\/2844"}],"wp:attachment":[{"href":"https:\/\/www.margit-hohenberger.de\/blog\/wp-json\/wp\/v2\/media?parent=2299"}],"wp:term":[{"taxonomy":"category","embeddable":true,"href":"https:\/\/www.margit-hohenberger.de\/blog\/wp-json\/wp\/v2\/categories?post=2299"},{"taxonomy":"post_tag","embeddable":true,"href":"https:\/\/www.margit-hohenberger.de\/blog\/wp-json\/wp\/v2\/tags?post=2299"}],"curies":[{"name":"wp","href":"https:\/\/api.w.org\/{rel}","templated":true}]}}