{"id":2318,"date":"2014-05-18T14:23:28","date_gmt":"2014-05-18T14:23:28","guid":{"rendered":"http:\/\/www.margit-hohenberger.de\/blog\/?p=2318"},"modified":"2016-07-28T04:46:11","modified_gmt":"2016-07-28T04:46:11","slug":"vogeltraenke-fuer-den-garten","status":"publish","type":"post","link":"https:\/\/www.margit-hohenberger.de\/blog\/vogeltraenke-fuer-den-garten\/","title":{"rendered":"Vogeltr\u00e4nke &#8211; Deko f\u00fcr den Garten"},"content":{"rendered":"<p>Wir haben dieses Jahr Amseln als G\u00e4ste auf unserer Terrasse. Sie haben ein Nest gebaut und es ist ein fleissiges hin- und her. Daneben ist das Wetterjahr 2014 sehr durchwachsen und der Regen und die Amseln haben mich zu einer neuen Vogeltr\u00e4nke inspiriert.<!--more--><\/p>\n<figure id=\"attachment_2319\" aria-describedby=\"caption-attachment-2319\" style=\"width: 550px\" class=\"wp-caption aligncenter\"><img loading=\"lazy\" decoding=\"async\" class=\"wp-image-2319 size-full\" src=\"https:\/\/www.margit-hohenberger.de\/blog\/wp-content\/uploads\/2014\/05\/vogeltraenke-keramik-mit-kringel.jpg\" alt=\"vogeltraenke-keramik-mit-kringel\" width=\"550\" height=\"587\" \/><figcaption id=\"caption-attachment-2319\" class=\"wp-caption-text\">Vogeltr\u00e4nke aus Keramik mit Kringeln<\/figcaption><\/figure>\n<p>Das Kringelmuster soll an Regentropfen erinnern und besonders sch\u00f6n sieht es aus, wenn es tats\u00e4chlich regnet. Dann mischen sich die Wellen mit dem Muster und es gibt eine interessante Oberfl\u00e4che.<\/p>\n<figure id=\"attachment_2320\" aria-describedby=\"caption-attachment-2320\" style=\"width: 550px\" class=\"wp-caption aligncenter\"><img loading=\"lazy\" decoding=\"async\" class=\"wp-image-2320 size-full\" src=\"https:\/\/www.margit-hohenberger.de\/blog\/wp-content\/uploads\/2014\/05\/vogeltraenke-aus-stein.jpg\" alt=\"vogeltraenke-aus-stein\" width=\"550\" height=\"446\" \/><figcaption id=\"caption-attachment-2320\" class=\"wp-caption-text\">Vogeltr\u00e4nke vor Graniteinfassung.<\/figcaption><\/figure>\n<p>Die Vogeltr\u00e4nke ist schwierig zu fotografieren. Je nach Wetter und Blickwinkel changiert die Farbe. Manchmal wirkt die Vogeltr\u00e4nke eher blau oder t\u00fcrkis, manchmal \u00fcberwiegt ein gr\u00fcnlicher Ton.<\/p>\n<figure id=\"attachment_2321\" aria-describedby=\"caption-attachment-2321\" style=\"width: 550px\" class=\"wp-caption aligncenter\"><img loading=\"lazy\" decoding=\"async\" class=\"wp-image-2321 size-full\" src=\"https:\/\/www.margit-hohenberger.de\/blog\/wp-content\/uploads\/2014\/05\/vogeltraenke-garten-mit-kringel.jpg\" alt=\"vogeltraenke-garten-mit-kringel\" width=\"550\" height=\"456\" \/><figcaption id=\"caption-attachment-2321\" class=\"wp-caption-text\">Vogeltr\u00e4nke verspiegelt bei grauem Wetter<\/figcaption><\/figure>\n<p>Mit Duncan-Glasur \u00fcberzogen und frostfest gebrannt ist die Vogeltr\u00e4nke genau das richtige f\u00fcr einen Garten oder eine Terrasse. Ich mag ehrlich gesagt die Vogeltr\u00e4nken aus Stein nicht besonders, ich habe es gerne verziert.<\/p>\n<figure id=\"attachment_2322\" aria-describedby=\"caption-attachment-2322\" style=\"width: 550px\" class=\"wp-caption aligncenter\"><img loading=\"lazy\" decoding=\"async\" class=\"wp-image-2322 size-full\" src=\"https:\/\/www.margit-hohenberger.de\/blog\/wp-content\/uploads\/2014\/05\/vogeltraenke-fuer-den-garten.jpg\" alt=\"vogeltraenke-fuer-den-garten\" width=\"550\" height=\"368\" \/><figcaption id=\"caption-attachment-2322\" class=\"wp-caption-text\">Vogelt\u00e4nke im Garten<\/figcaption><\/figure>\n<p>Ca. 25cm x 25cm ist die Vogeltr\u00e4nke und 5cm hoch. Jetzt hoffe ich sehr, dass sie viele G\u00e4ste haben wird und auf einen warmen Sommer!<\/p>\n","protected":false},"excerpt":{"rendered":"<p>Wir haben dieses Jahr Amseln als G\u00e4ste auf unserer Terrasse. Sie haben ein Nest gebaut und es ist ein fleissiges hin- und her. Daneben ist das Wetterjahr 2014 sehr durchwachsen und der Regen und die Amseln haben mich zu einer neuen Vogeltr\u00e4nke inspiriert.<\/p>\n","protected":false},"author":3,"featured_media":2843,"comment_status":"open","ping_status":"open","sticky":false,"template":"","format":"standard","meta":{"footnotes":""},"categories":[5],"tags":[48,190],"class_list":["post-2318","post","type-post","status-publish","format-standard","has-post-thumbnail","hentry","category-garten","tag-deko-im-garten","tag-vogeltraenken-garten"],"aioseo_notices":[],"_links":{"self":[{"href":"https:\/\/www.margit-hohenberger.de\/blog\/wp-json\/wp\/v2\/posts\/2318","targetHints":{"allow":["GET"]}}],"collection":[{"href":"https:\/\/www.margit-hohenberger.de\/blog\/wp-json\/wp\/v2\/posts"}],"about":[{"href":"https:\/\/www.margit-hohenberger.de\/blog\/wp-json\/wp\/v2\/types\/post"}],"author":[{"embeddable":true,"href":"https:\/\/www.margit-hohenberger.de\/blog\/wp-json\/wp\/v2\/users\/3"}],"replies":[{"embeddable":true,"href":"https:\/\/www.margit-hohenberger.de\/blog\/wp-json\/wp\/v2\/comments?post=2318"}],"version-history":[{"count":0,"href":"https:\/\/www.margit-hohenberger.de\/blog\/wp-json\/wp\/v2\/posts\/2318\/revisions"}],"wp:featuredmedia":[{"embeddable":true,"href":"https:\/\/www.margit-hohenberger.de\/blog\/wp-json\/wp\/v2\/media\/2843"}],"wp:attachment":[{"href":"https:\/\/www.margit-hohenberger.de\/blog\/wp-json\/wp\/v2\/media?parent=2318"}],"wp:term":[{"taxonomy":"category","embeddable":true,"href":"https:\/\/www.margit-hohenberger.de\/blog\/wp-json\/wp\/v2\/categories?post=2318"},{"taxonomy":"post_tag","embeddable":true,"href":"https:\/\/www.margit-hohenberger.de\/blog\/wp-json\/wp\/v2\/tags?post=2318"}],"curies":[{"name":"wp","href":"https:\/\/api.w.org\/{rel}","templated":true}]}}