{"id":2366,"date":"2014-08-10T15:53:13","date_gmt":"2014-08-10T15:53:13","guid":{"rendered":"http:\/\/www.margit-hohenberger.de\/blog\/?p=2366"},"modified":"2015-05-29T12:07:12","modified_gmt":"2015-05-29T12:07:12","slug":"gartenfigur-fuer-den-teich-badenixe","status":"publish","type":"post","link":"https:\/\/www.margit-hohenberger.de\/blog\/gartenfigur-fuer-den-teich-badenixe\/","title":{"rendered":"Gartenfigur f\u00fcr den Teich &#8211; Badenixe"},"content":{"rendered":"<p>Sie sonnt sich und l\u00e4\u00dft sich treiben. Meine kleine Badenixe auf der Luftmatratze. Bitte beachten. Die Figur ist nur eine Skizze und sehr klein. Die Gartenfigur ist ca. 20cm lang und sie schwimmt auch nicht von selbst.<!--more--><\/p>\n<figure id=\"attachment_2367\" aria-describedby=\"caption-attachment-2367\" style=\"width: 550px\" class=\"wp-caption aligncenter\"><img loading=\"lazy\" decoding=\"async\" class=\"wp-image-2367 size-full\" src=\"https:\/\/www.margit-hohenberger.de\/blog\/wp-content\/uploads\/2014\/08\/badenixe-keramikfigur-auf-luftmatratze.jpg\" alt=\"Gartenfigur Badenixe im Seerosenteich\" width=\"550\" height=\"403\" \/><figcaption id=\"caption-attachment-2367\" class=\"wp-caption-text\">Gartenfigur Badenixe im Seerosenteich<\/figcaption><\/figure>\n<p>F\u00fcr das Foto haben wir ein bissle gezaubert \ud83d\ude09 Aber es ging mir so leicht von der Hand diese Badenixe auf eine Luftmatratze zu t\u00f6pfern.<\/p>\n<figure id=\"attachment_2368\" aria-describedby=\"caption-attachment-2368\" style=\"width: 550px\" class=\"wp-caption aligncenter\"><img loading=\"lazy\" decoding=\"async\" class=\"wp-image-2368 size-full\" src=\"https:\/\/www.margit-hohenberger.de\/blog\/wp-content\/uploads\/2014\/08\/gartenfigur-badenixe-auf-luftmatratze.jpg\" alt=\"Gartenkeramik f\u00fcr den Teich: Badenixe auf Luftmatratze\" width=\"550\" height=\"374\" \/><figcaption id=\"caption-attachment-2368\" class=\"wp-caption-text\">Gartenkeramik f\u00fcr den Teich: Badenixe auf Luftmatratze<\/figcaption><\/figure>\n<p>Vielleicht liegt es ja an diesem unglaublich sch\u00f6nen und warmen Sommer &#8211; also bei uns in Oberfranken jedenfalls &#8211; dass die Badenixen aus Keramik so schnell entstehen. Unser kleiner Teich wollte einfach auch einmal eine Besucherin. Und so badet und posiert die kleine Gartenfigur &#8222;Badenixe&#8220; aus Keramik zwischen den Bl\u00e4ttern der Seerose.<\/p>\n","protected":false},"excerpt":{"rendered":"<p>Sie sonnt sich und l\u00e4\u00dft sich treiben. Meine kleine Badenixe auf der Luftmatratze. Bitte beachten. Die Figur ist nur eine Skizze und sehr klein. Die Gartenfigur ist ca. 20cm lang und sie schwimmt auch nicht von selbst.<\/p>\n","protected":false},"author":3,"featured_media":2787,"comment_status":"open","ping_status":"open","sticky":false,"template":"","format":"standard","meta":{"footnotes":""},"categories":[5,6],"tags":[19,48,66],"class_list":["post-2366","post","type-post","status-publish","format-standard","has-post-thumbnail","hentry","category-garten","category-skulptur-plastiken","tag-badenixen","tag-deko-im-garten","tag-gartenteich-verschoenern"],"aioseo_notices":[],"_links":{"self":[{"href":"https:\/\/www.margit-hohenberger.de\/blog\/wp-json\/wp\/v2\/posts\/2366","targetHints":{"allow":["GET"]}}],"collection":[{"href":"https:\/\/www.margit-hohenberger.de\/blog\/wp-json\/wp\/v2\/posts"}],"about":[{"href":"https:\/\/www.margit-hohenberger.de\/blog\/wp-json\/wp\/v2\/types\/post"}],"author":[{"embeddable":true,"href":"https:\/\/www.margit-hohenberger.de\/blog\/wp-json\/wp\/v2\/users\/3"}],"replies":[{"embeddable":true,"href":"https:\/\/www.margit-hohenberger.de\/blog\/wp-json\/wp\/v2\/comments?post=2366"}],"version-history":[{"count":0,"href":"https:\/\/www.margit-hohenberger.de\/blog\/wp-json\/wp\/v2\/posts\/2366\/revisions"}],"wp:featuredmedia":[{"embeddable":true,"href":"https:\/\/www.margit-hohenberger.de\/blog\/wp-json\/wp\/v2\/media\/2787"}],"wp:attachment":[{"href":"https:\/\/www.margit-hohenberger.de\/blog\/wp-json\/wp\/v2\/media?parent=2366"}],"wp:term":[{"taxonomy":"category","embeddable":true,"href":"https:\/\/www.margit-hohenberger.de\/blog\/wp-json\/wp\/v2\/categories?post=2366"},{"taxonomy":"post_tag","embeddable":true,"href":"https:\/\/www.margit-hohenberger.de\/blog\/wp-json\/wp\/v2\/tags?post=2366"}],"curies":[{"name":"wp","href":"https:\/\/api.w.org\/{rel}","templated":true}]}}