{"id":345,"date":"2010-03-28T15:38:24","date_gmt":"2010-03-28T15:38:24","guid":{"rendered":"http:\/\/margithohenberger.wordpress.com\/?p=345"},"modified":"2015-05-26T07:20:37","modified_gmt":"2015-05-26T07:20:37","slug":"ostereier-borse-in-der-galerie-am-schusterhof-in-naila","status":"publish","type":"post","link":"https:\/\/www.margit-hohenberger.de\/blog\/ostereier-borse-in-der-galerie-am-schusterhof-in-naila\/","title":{"rendered":"Ostereier B\u00f6rse in der Galerie am Schusterhof in Naila"},"content":{"rendered":"<p>Wundersch\u00f6ne Ostereier habe ich heute in Naila, in der Galerie im Schusterhof bewundern k\u00f6nnen. Arbeiten von vielen Ostereier-K\u00fcnstler und K\u00fcnstlerinnen waren vertreten. Ostereier sind ein wunderbarer Brauch und ich freue mich sehr, dass diese Kunst so gepflegt wird. Bemerkenswert auch die Vielfalt die hier zum Ausdruck kommt.<\/p>\n<figure id=\"attachment_346\" aria-describedby=\"caption-attachment-346\" style=\"width: 500px\" class=\"wp-caption aligncenter\"><img loading=\"lazy\" decoding=\"async\" class=\"size-full wp-image-346\" title=\"Ostereier-Scherenschnitt-Naila-2010\" src=\"https:\/\/www.margit-hohenberger.de\/blog\/wp-content\/uploads\/2010\/03\/ostereier-scherenschnitt-naila-2010.jpg\" alt=\"Ostereier Scherenschnitt Naila 2010\" width=\"500\" height=\"412\" \/><figcaption id=\"caption-attachment-346\" class=\"wp-caption-text\">Ostereier mit Scherenschnitt Dekoration.<\/figcaption><\/figure>\n<p>Liebevoll zusammengetragen und dekoriert von Uschi Findei\u00df, Marion Soganzi und vielen Helfer und Helferinnen ist diese Ausstellung ein Kleinod. Ich habe die Sammlung sehr genossen.<\/p>\n<figure id=\"attachment_348\" aria-describedby=\"caption-attachment-348\" style=\"width: 500px\" class=\"wp-caption aligncenter\"><img loading=\"lazy\" decoding=\"async\" class=\"size-full wp-image-348\" title=\"Ostereier aus Boehmen (gekrazt) Naila 2010\" src=\"https:\/\/www.margit-hohenberger.de\/blog\/wp-content\/uploads\/2010\/03\/ostereier-boehmen-gekrazt-naila-2010.jpg\" alt=\"Ostereier aus Boehmen (gekrazt) Naila 2010\" width=\"500\" height=\"444\" \/><figcaption id=\"caption-attachment-348\" class=\"wp-caption-text\">Blau-Wei\u00dfe Ostereier aus Boehmen (gekrazt)<\/figcaption><\/figure>\n<figure id=\"attachment_349\" aria-describedby=\"caption-attachment-349\" style=\"width: 500px\" class=\"wp-caption aligncenter\"><img loading=\"lazy\" decoding=\"async\" class=\"size-full wp-image-349\" title=\"Ostereier Christliche Motive Naila 2010\" src=\"https:\/\/www.margit-hohenberger.de\/blog\/wp-content\/uploads\/2010\/03\/ostereier-christliche-motive-naila-2010.jpg\" alt=\"Ostereier Christliche Motive Naila 2010\" width=\"500\" height=\"332\" \/><figcaption id=\"caption-attachment-349\" class=\"wp-caption-text\">Christliche Motive auf Ostereiern<\/figcaption><\/figure>\n<p>Diese Ostereier sind von Josef Langmeier aus Naila. Josef Langmeier bezeichnet sich selbst als &#8222;Nord-Ost Oberfr\u00e4nkischer Ostereier-Maler&#8220;. Ich finde das passt sehr gut!<\/p>\n<figure id=\"attachment_354\" aria-describedby=\"caption-attachment-354\" style=\"width: 500px\" class=\"wp-caption aligncenter\"><img loading=\"lazy\" decoding=\"async\" class=\"size-full wp-image-354\" title=\"Ostereier lustige Motive Naila 2010\" src=\"https:\/\/www.margit-hohenberger.de\/blog\/wp-content\/uploads\/2010\/03\/ostereier-lustige-motive-naila-2010.jpg\" alt=\"Ostereier lustige Motive Naila 2010\" width=\"500\" height=\"343\" \/><figcaption id=\"caption-attachment-354\" class=\"wp-caption-text\">Humorvolle Ostereier<\/figcaption><\/figure>\n<p>Josef Langmeier hat auch einen ausgesprochenen Sinn f\u00fcr Humor, wie die beiden Eier beweisen. Der Mann mit der Eier-Schubkarre ist \u00fcbrigens auf dem Weg nach Eibach \ud83d\ude09<\/p>\n<figure id=\"attachment_350\" aria-describedby=\"caption-attachment-350\" style=\"width: 500px\" class=\"wp-caption aligncenter\"><img loading=\"lazy\" decoding=\"async\" class=\"size-full wp-image-350\" title=\"Ostereier Eierk\u00f6pfe Naila 2010\" src=\"https:\/\/www.margit-hohenberger.de\/blog\/wp-content\/uploads\/2010\/03\/ostereier-eierkoepfe-naila-2010.jpg\" alt=\"Ostereier Eierk\u00f6pfe Naila 2010\" width=\"500\" height=\"376\" \/><figcaption id=\"caption-attachment-350\" class=\"wp-caption-text\">Eierk\u00f6pfe &#8211; lustige Ostereier<\/figcaption><\/figure>\n<p>Sogenannte &#8222;Eierk\u00f6pfe&#8220; von der K\u00fcnstlerin Maria Palatini, St. Gallen, Schweiz.<\/p>\n<figure id=\"attachment_351\" aria-describedby=\"caption-attachment-351\" style=\"width: 500px\" class=\"wp-caption aligncenter\"><img loading=\"lazy\" decoding=\"async\" class=\"size-full wp-image-351\" title=\"Ostereier aus Indien Naila 2010\" src=\"https:\/\/www.margit-hohenberger.de\/blog\/wp-content\/uploads\/2010\/03\/ostereier-indien-naila-2010.jpg\" alt=\"Ostereier aus Indien Naila 2010\" width=\"500\" height=\"357\" \/><figcaption id=\"caption-attachment-351\" class=\"wp-caption-text\">Kunstvolle, farbenpr\u00e4chtige Ostereier aus Indien<\/figcaption><\/figure>\n<p>Auch aus Indien gab es Eier. Wobei die Frage erlaubt ist, ob das &#8222;Ostereier&#8220; sind. Sch\u00f6n sind sie aber auf jeden Fall.<\/p>\n<figure id=\"attachment_352\" aria-describedby=\"caption-attachment-352\" style=\"width: 500px\" class=\"wp-caption aligncenter\"><img loading=\"lazy\" decoding=\"async\" class=\"size-full wp-image-352\" title=\"Ostereier Mozart Naila2010\" src=\"https:\/\/www.margit-hohenberger.de\/blog\/wp-content\/uploads\/2010\/03\/ostereier-mozart-naila-2010.jpg\" alt=\"Ostereier Mozart Naila2010\" width=\"500\" height=\"667\" \/><figcaption id=\"caption-attachment-352\" class=\"wp-caption-text\">Musikalische Ostereier<\/figcaption><\/figure>\n<p>Ich hoffe sehr, dass auch im n\u00e4chsten Jahr wieder Ostereier zu sehen sind. Und Respekt vor den F\u00e4higkeiten und der Kreativit\u00e4t der K\u00fcnstler.<\/p>\n","protected":false},"excerpt":{"rendered":"<p>Wundersch\u00f6ne Ostereier habe ich heute in Naila, in der Galerie im Schusterhof bewundern k\u00f6nnen. Arbeiten von vielen Ostereier-K\u00fcnstler und K\u00fcnstlerinnen waren vertreten. Ostereier sind ein wunderbarer Brauch und ich freue mich sehr, dass diese Kunst so gepflegt wird. Bemerkenswert auch die Vielfalt die hier zum Ausdruck kommt. Liebevoll zusammengetragen und dekoriert von Uschi Findei\u00df, Marion Soganzi und vielen Helfer und Helferinnen ist diese Ausstellung ein Kleinod. Ich habe die Sammlung sehr genossen. Diese Ostereier sind von Josef Langmeier aus Naila&#8230;.<\/p>\n<p class=\"read-more\"><a class=\"btn btn-default\" href=\"https:\/\/www.margit-hohenberger.de\/blog\/ostereier-borse-in-der-galerie-am-schusterhof-in-naila\/\">Weiterlesen<span class=\"screen-reader-text\"> Weiterlesen<\/span><\/a><\/p>\n","protected":false},"author":2,"featured_media":346,"comment_status":"open","ping_status":"open","sticky":false,"template":"","format":"standard","meta":{"footnotes":""},"categories":[3],"tags":[],"class_list":["post-345","post","type-post","status-publish","format-standard","has-post-thumbnail","hentry","category-ausstellungen"],"aioseo_notices":[],"_links":{"self":[{"href":"https:\/\/www.margit-hohenberger.de\/blog\/wp-json\/wp\/v2\/posts\/345","targetHints":{"allow":["GET"]}}],"collection":[{"href":"https:\/\/www.margit-hohenberger.de\/blog\/wp-json\/wp\/v2\/posts"}],"about":[{"href":"https:\/\/www.margit-hohenberger.de\/blog\/wp-json\/wp\/v2\/types\/post"}],"author":[{"embeddable":true,"href":"https:\/\/www.margit-hohenberger.de\/blog\/wp-json\/wp\/v2\/users\/2"}],"replies":[{"embeddable":true,"href":"https:\/\/www.margit-hohenberger.de\/blog\/wp-json\/wp\/v2\/comments?post=345"}],"version-history":[{"count":0,"href":"https:\/\/www.margit-hohenberger.de\/blog\/wp-json\/wp\/v2\/posts\/345\/revisions"}],"wp:featuredmedia":[{"embeddable":true,"href":"https:\/\/www.margit-hohenberger.de\/blog\/wp-json\/wp\/v2\/media\/346"}],"wp:attachment":[{"href":"https:\/\/www.margit-hohenberger.de\/blog\/wp-json\/wp\/v2\/media?parent=345"}],"wp:term":[{"taxonomy":"category","embeddable":true,"href":"https:\/\/www.margit-hohenberger.de\/blog\/wp-json\/wp\/v2\/categories?post=345"},{"taxonomy":"post_tag","embeddable":true,"href":"https:\/\/www.margit-hohenberger.de\/blog\/wp-json\/wp\/v2\/tags?post=345"}],"curies":[{"name":"wp","href":"https:\/\/api.w.org\/{rel}","templated":true}]}}