{"id":3976,"date":"2016-08-21T07:36:30","date_gmt":"2016-08-21T07:36:30","guid":{"rendered":"http:\/\/www.margit-hohenberger.de\/blog\/?p=3976"},"modified":"2020-01-06T17:58:36","modified_gmt":"2020-01-06T17:58:36","slug":"ausgefallene-gartendeko-die-schwestern","status":"publish","type":"post","link":"https:\/\/www.margit-hohenberger.de\/blog\/ausgefallene-gartendeko-die-schwestern\/","title":{"rendered":"Ausgefallene Gartendeko &#8211; Die Schwestern"},"content":{"rendered":"<p>Eigentlich sind es ja Feen. Die beiden Schwestern sitzen auf St\u00e4ben und beobachten die Szenerie. Sie sind ganz ausgefallene Gartendeko weil sie so einzigartig aber doch vertraut (mindestens miteinander) sind.<!--more--><\/p>\n<figure id=\"attachment_3977\" aria-describedby=\"caption-attachment-3977\" style=\"width: 800px\" class=\"wp-caption aligncenter\"><img loading=\"lazy\" decoding=\"async\" class=\"wp-image-3977 size-full\" src=\"https:\/\/www.margit-hohenberger.de\/blog\/wp-content\/uploads\/2016\/08\/ausgefallene-gartendeko-die-schwestern.jpg\" alt=\"Ausgefallene Gartendeko - Die Schwestern\" title=\"Ausgefallene Gartendeko - Die Schwestern\" width=\"800\" height=\"600\" srcset=\"https:\/\/www.margit-hohenberger.de\/blog\/wp-content\/uploads\/2016\/08\/ausgefallene-gartendeko-die-schwestern.jpg 800w, https:\/\/www.margit-hohenberger.de\/blog\/wp-content\/uploads\/2016\/08\/ausgefallene-gartendeko-die-schwestern-768x576.jpg 768w, https:\/\/www.margit-hohenberger.de\/blog\/wp-content\/uploads\/2016\/08\/ausgefallene-gartendeko-die-schwestern-640x480.jpg 640w\" sizes=\"auto, (max-width: 800px) 100vw, 800px\" \/><figcaption id=\"caption-attachment-3977\" class=\"wp-caption-text\">Die beiden Keramik Gartenfeen im Sommer 2016<\/figcaption><\/figure>\n<p>Die Figuren sind vom Grundaufbau her gleich. Ich habe sie so get\u00f6pfert, dass sie auf Stangen oder auch auf Z\u00e4unen platziert werden k\u00f6nnen. Sie m\u00fcssen ein wenig aus der Pflanzenumgebung heraus schauen, damit sie gut wirken. Die eine hat ein gr\u00fcnes Outfit mit Schleifchen im Haar, die andere ist in blau und hat einen Haarschmuck.<\/p>\n<figure id=\"attachment_3985\" aria-describedby=\"caption-attachment-3985\" style=\"width: 600px\" class=\"wp-caption aligncenter\"><img loading=\"lazy\" decoding=\"async\" src=\"https:\/\/www.margit-hohenberger.de\/blog\/wp-content\/uploads\/2016\/08\/ausgefallene-gartendeko-gartenfee-in-gruen-600x800.jpg\" alt=\"Gartenfee aus Keramik in gr\u00fcn\" width=\"600\" height=\"800\" class=\"size-thumbnail wp-image-3985\" \/><figcaption id=\"caption-attachment-3985\" class=\"wp-caption-text\">Gartenfee aus Keramik in gr\u00fcn<\/figcaption><\/figure>\n<figure id=\"attachment_3984\" aria-describedby=\"caption-attachment-3984\" style=\"width: 600px\" class=\"wp-caption aligncenter\"><img loading=\"lazy\" decoding=\"async\" src=\"https:\/\/www.margit-hohenberger.de\/blog\/wp-content\/uploads\/2016\/08\/ausgefallene-gartendeko-gartenfee-in-blau-600x800.jpg\" alt=\"Gartenstele Fee in blau\" width=\"600\" height=\"800\" class=\"size-thumbnail wp-image-3984\" \/><figcaption id=\"caption-attachment-3984\" class=\"wp-caption-text\">Gartenstele Fee in blau<\/figcaption><\/figure>\n<h2>Feen &#8211; ganz ausgefallene Gartendeko<\/h2>\n<p>Es ist eigenartig, wir versuchen unsere Umwelt, unsere G\u00e4rten zu beleben. Gartenzwerge, <a title=\"Gartenkeramik Figuren\" href=\"https:\/\/www.margit-hohenberger.de\/blog\/tag\/gartenkeramik-figuren\/\">Gartenkeramik Figuren<\/a>, Statuen; es gibt viele Formen. Manche halten sogar Pfauen im Garten. Ich gehe mit den beiden Feen noch einen Schritt weiter. Der Park bekommt mit diesen Figuren eine ganz besondere Note. Abbildungen von Feen, also Wesen aus der Mythologie erinnern uns an die Zwischenwelt. Ob es die gibt oder nicht ist egal. In unserer Fantasie kann sie ja gut existieren. Und dort wohnen meine beiden Feen auch. Im Garten und in der Fantasie. So ist jedem \u00fcberlassen welche Rolle Sie \u00fcbernehmen sollen. Vielleicht werden sie die gute Nachricht von dem sch\u00f6nen Garten in die Welt tragen, die Feen werden Blumen beh\u00fcten oder sogar ein Unwetter umleiten. Wenn sie den Betrachter einen kurzen Augenblick in die Fantasie entf\u00fchren, dann bin ich gl\u00fccklich. Ich werde es in jedem Fall erfahren, denn ich habe einen Handel mit den Beiden. Sie berichten\u2026<\/p>\n","protected":false},"excerpt":{"rendered":"<p>Eigentlich sind es ja Feen. Die beiden Schwestern sitzen auf St\u00e4ben und beobachten die Szenerie. Sie sind ganz ausgefallene Gartendeko weil sie so einzigartig aber doch vertraut (mindestens miteinander) sind.<\/p>\n","protected":false},"author":2,"featured_media":3980,"comment_status":"open","ping_status":"open","sticky":false,"template":"","format":"standard","meta":{"footnotes":""},"categories":[6],"tags":[48,194],"class_list":["post-3976","post","type-post","status-publish","format-standard","has-post-thumbnail","hentry","category-skulptur-plastiken","tag-deko-im-garten","tag-gartenstele-keramik"],"aioseo_notices":[],"_links":{"self":[{"href":"https:\/\/www.margit-hohenberger.de\/blog\/wp-json\/wp\/v2\/posts\/3976","targetHints":{"allow":["GET"]}}],"collection":[{"href":"https:\/\/www.margit-hohenberger.de\/blog\/wp-json\/wp\/v2\/posts"}],"about":[{"href":"https:\/\/www.margit-hohenberger.de\/blog\/wp-json\/wp\/v2\/types\/post"}],"author":[{"embeddable":true,"href":"https:\/\/www.margit-hohenberger.de\/blog\/wp-json\/wp\/v2\/users\/2"}],"replies":[{"embeddable":true,"href":"https:\/\/www.margit-hohenberger.de\/blog\/wp-json\/wp\/v2\/comments?post=3976"}],"version-history":[{"count":2,"href":"https:\/\/www.margit-hohenberger.de\/blog\/wp-json\/wp\/v2\/posts\/3976\/revisions"}],"predecessor-version":[{"id":4521,"href":"https:\/\/www.margit-hohenberger.de\/blog\/wp-json\/wp\/v2\/posts\/3976\/revisions\/4521"}],"wp:featuredmedia":[{"embeddable":true,"href":"https:\/\/www.margit-hohenberger.de\/blog\/wp-json\/wp\/v2\/media\/3980"}],"wp:attachment":[{"href":"https:\/\/www.margit-hohenberger.de\/blog\/wp-json\/wp\/v2\/media?parent=3976"}],"wp:term":[{"taxonomy":"category","embeddable":true,"href":"https:\/\/www.margit-hohenberger.de\/blog\/wp-json\/wp\/v2\/categories?post=3976"},{"taxonomy":"post_tag","embeddable":true,"href":"https:\/\/www.margit-hohenberger.de\/blog\/wp-json\/wp\/v2\/tags?post=3976"}],"curies":[{"name":"wp","href":"https:\/\/api.w.org\/{rel}","templated":true}]}}