{"id":41,"date":"2009-01-24T08:14:09","date_gmt":"2009-01-24T08:14:09","guid":{"rendered":"http:\/\/margithohenberger.wordpress.com\/?p=41"},"modified":"2017-02-08T13:27:38","modified_gmt":"2017-02-08T13:27:38","slug":"roland-lein-werkschau-in-schwarzenbachsaale","status":"publish","type":"post","link":"https:\/\/www.margit-hohenberger.de\/blog\/roland-lein-werkschau-in-schwarzenbachsaale\/","title":{"rendered":"Roland Lein: Werkschau in Schwarzenbach\/Saale"},"content":{"rendered":"<p>Roland Lein aus Pilgramsreuth ist Autodikakt, 1950 in Rehau geboren und u.a. Mitglied im Bund Fr\u00e4nkischer K\u00fcnstler. Er arbeitet in \u00d6l, Pastell, Aquarell, Acryl und verschiedenen Mischtechniken. Die Werkschau in Schwarzenbach gab einen breiten \u00dcberblick \u00fcber sein Schaffen.<!--more--><\/p>\n<p><figure id=\"attachment_39\" aria-describedby=\"caption-attachment-39\" style=\"width: 250px\" class=\"wp-caption alignleft\"><img loading=\"lazy\" decoding=\"async\" class=\"wp-image-39 size-full\" title=\"Roland Lein - Kunstgalerie Altes Rathaus 2009\" src=\"https:\/\/www.margit-hohenberger.de\/blog\/wp-content\/uploads\/2009\/01\/lein-sbs-port.jpg\" alt=\"Roland Lein - Kunstgalerie Altes Rathaus 2009\" width=\"250\" height=\"188\" \/><figcaption id=\"caption-attachment-39\" class=\"wp-caption-text\">Roland Lein aus Pilgramsreuth<\/figcaption><\/figure>Er f\u00fcgte wunderbar Bilder in die R\u00e4ume der Kunstgalerie Altes Rathaus. Eine Besucherin sagte: &#8222;&#8230; sch\u00f6ne Bilder, die nehm ich ihm ab!&#8220;. Der Besuch der Ausstellung war mir und vielen Besuchern eine Bereicherung.<\/p>\n<figure id=\"attachment_40\" aria-describedby=\"caption-attachment-40\" style=\"width: 500px\" class=\"wp-caption aligncenter\"><img loading=\"lazy\" decoding=\"async\" class=\"wp-image-40 size-full\" title=\"Roland Lein - Kunstgalerie Altes Rathaus 2009\" src=\"https:\/\/www.margit-hohenberger.de\/blog\/wp-content\/uploads\/2009\/01\/lein-sbs-trip.jpg\" alt=\"Roland Lein - Kunstgalerie Altes Rathaus 2009\" width=\"500\" height=\"339\" \/><figcaption id=\"caption-attachment-40\" class=\"wp-caption-text\">Roland Lein &#8211; Triptychon 2009<\/figcaption><\/figure>\n<figure id=\"attachment_38\" aria-describedby=\"caption-attachment-38\" style=\"width: 500px\" class=\"wp-caption aligncenter\"><img loading=\"lazy\" decoding=\"async\" class=\"wp-image-38 size-full\" title=\"Roland Lein - Kunstgalerie Altes Rathaus 2009\" src=\"https:\/\/www.margit-hohenberger.de\/blog\/wp-content\/uploads\/2009\/01\/lein-sbs-sbs-abstr.jpg\" alt=\"Roland Lein - Kunstgalerie Altes Rathaus 2009\" width=\"500\" height=\"288\" \/><figcaption id=\"caption-attachment-38\" class=\"wp-caption-text\">Bilder von Roland Lein<\/figcaption><\/figure>\n<p>Die Ausstellung ging bis zum 01. M\u00e4rz 2009 in der Kunstgalerie Altes Rathaus in Schwarzenbach\/Saale.<\/p>\n<p><span style=\"border-radius: 2px; text-indent: 20px; width: auto; padding: 0px 4px 0px 0px; text-align: center; font: bold 11px\/20px 'Helvetica Neue',Helvetica,sans-serif; color: #ffffff; background: #bd081c  no-repeat scroll 3px 50% \/ 14px 14px; position: absolute; opacity: 1; z-index: 8675309; display: none; cursor: pointer;\">Merken<\/span><\/p>\n","protected":false},"excerpt":{"rendered":"<p>Roland Lein aus Pilgramsreuth ist Autodikakt, 1950 in Rehau geboren und u.a. Mitglied im Bund Fr\u00e4nkischer K\u00fcnstler. Er arbeitet in \u00d6l, Pastell, Aquarell, Acryl und verschiedenen Mischtechniken. Die Werkschau in Schwarzenbach gab einen breiten \u00dcberblick \u00fcber sein Schaffen.<\/p>\n","protected":false},"author":2,"featured_media":40,"comment_status":"open","ping_status":"open","sticky":false,"template":"","format":"standard","meta":{"footnotes":""},"categories":[3],"tags":[13,106],"class_list":["post-41","post","type-post","status-publish","format-standard","has-post-thumbnail","hentry","category-ausstellungen","tag-aquarell","tag-kunstgalerie-altes-rathaus"],"aioseo_notices":[],"_links":{"self":[{"href":"https:\/\/www.margit-hohenberger.de\/blog\/wp-json\/wp\/v2\/posts\/41","targetHints":{"allow":["GET"]}}],"collection":[{"href":"https:\/\/www.margit-hohenberger.de\/blog\/wp-json\/wp\/v2\/posts"}],"about":[{"href":"https:\/\/www.margit-hohenberger.de\/blog\/wp-json\/wp\/v2\/types\/post"}],"author":[{"embeddable":true,"href":"https:\/\/www.margit-hohenberger.de\/blog\/wp-json\/wp\/v2\/users\/2"}],"replies":[{"embeddable":true,"href":"https:\/\/www.margit-hohenberger.de\/blog\/wp-json\/wp\/v2\/comments?post=41"}],"version-history":[{"count":2,"href":"https:\/\/www.margit-hohenberger.de\/blog\/wp-json\/wp\/v2\/posts\/41\/revisions"}],"predecessor-version":[{"id":4266,"href":"https:\/\/www.margit-hohenberger.de\/blog\/wp-json\/wp\/v2\/posts\/41\/revisions\/4266"}],"wp:featuredmedia":[{"embeddable":true,"href":"https:\/\/www.margit-hohenberger.de\/blog\/wp-json\/wp\/v2\/media\/40"}],"wp:attachment":[{"href":"https:\/\/www.margit-hohenberger.de\/blog\/wp-json\/wp\/v2\/media?parent=41"}],"wp:term":[{"taxonomy":"category","embeddable":true,"href":"https:\/\/www.margit-hohenberger.de\/blog\/wp-json\/wp\/v2\/categories?post=41"},{"taxonomy":"post_tag","embeddable":true,"href":"https:\/\/www.margit-hohenberger.de\/blog\/wp-json\/wp\/v2\/tags?post=41"}],"curies":[{"name":"wp","href":"https:\/\/api.w.org\/{rel}","templated":true}]}}