{"id":565,"date":"2010-09-16T11:00:41","date_gmt":"2010-09-16T11:00:41","guid":{"rendered":"http:\/\/margithohenberger.wordpress.com\/?p=565"},"modified":"2016-07-24T06:21:05","modified_gmt":"2016-07-24T06:21:05","slug":"gartensaulen-in-graublau-und-rot","status":"publish","type":"post","link":"https:\/\/www.margit-hohenberger.de\/blog\/gartensaulen-in-graublau-und-rot\/","title":{"rendered":"Gartens\u00e4ulen in grau\/blau und rot"},"content":{"rendered":"<p>Ich habe eine neue Gartens\u00e4ule gemacht. Ausgangspunkt und Form ist von meinem ersten Modell \u00fcbernommen. Ich habe einen anderen Ton und damit auch die Farbe rot gew\u00e4hlt. Diese rote S\u00e4ule hat dadurch einen ganz anderen Charakter bekommen.<!--more--><\/p>\n<figure id=\"attachment_566\" aria-describedby=\"caption-attachment-566\" style=\"width: 500px\" class=\"wp-caption aligncenter\"><img loading=\"lazy\" decoding=\"async\" class=\"size-full wp-image-566\" title=\"Gartensaeulen Gartenkeramik\" src=\"https:\/\/www.margit-hohenberger.de\/blog\/wp-content\/uploads\/2010\/09\/gartensaeulen-gartenkeramik.jpg\" alt=\"Gartensaeulen Gartenkeramik\" width=\"500\" height=\"431\" \/><figcaption id=\"caption-attachment-566\" class=\"wp-caption-text\">Gartens\u00e4ule blau und rot<\/figcaption><\/figure>\n<p>Sicher muss man bei dem Foto ber\u00fccksichtigen, dass die Perspektiven ein wenig unterschiedlich ist, aber ich meine, die Form kommt ganz gut raus. Welche der beiden Gartens\u00e4ulen gef\u00e4llt Ihnen wohl besser? Grau\/blau oder rot?<\/p>\n","protected":false},"excerpt":{"rendered":"<p>Ich habe eine neue Gartens\u00e4ule gemacht. Ausgangspunkt und Form ist von meinem ersten Modell \u00fcbernommen. Ich habe einen anderen Ton und damit auch die Farbe rot gew\u00e4hlt. Diese rote S\u00e4ule hat dadurch einen ganz anderen Charakter bekommen.<\/p>\n","protected":false},"author":2,"featured_media":2926,"comment_status":"open","ping_status":"open","sticky":false,"template":"","format":"standard","meta":{"footnotes":""},"categories":[5],"tags":[210,194,61],"class_list":["post-565","post","type-post","status-publish","format-standard","has-post-thumbnail","hentry","category-garten","tag-gartenkugel","tag-gartenstele-keramik","tag-keramik-im-garten"],"aioseo_notices":[],"_links":{"self":[{"href":"https:\/\/www.margit-hohenberger.de\/blog\/wp-json\/wp\/v2\/posts\/565","targetHints":{"allow":["GET"]}}],"collection":[{"href":"https:\/\/www.margit-hohenberger.de\/blog\/wp-json\/wp\/v2\/posts"}],"about":[{"href":"https:\/\/www.margit-hohenberger.de\/blog\/wp-json\/wp\/v2\/types\/post"}],"author":[{"embeddable":true,"href":"https:\/\/www.margit-hohenberger.de\/blog\/wp-json\/wp\/v2\/users\/2"}],"replies":[{"embeddable":true,"href":"https:\/\/www.margit-hohenberger.de\/blog\/wp-json\/wp\/v2\/comments?post=565"}],"version-history":[{"count":0,"href":"https:\/\/www.margit-hohenberger.de\/blog\/wp-json\/wp\/v2\/posts\/565\/revisions"}],"wp:featuredmedia":[{"embeddable":true,"href":"https:\/\/www.margit-hohenberger.de\/blog\/wp-json\/wp\/v2\/media\/2926"}],"wp:attachment":[{"href":"https:\/\/www.margit-hohenberger.de\/blog\/wp-json\/wp\/v2\/media?parent=565"}],"wp:term":[{"taxonomy":"category","embeddable":true,"href":"https:\/\/www.margit-hohenberger.de\/blog\/wp-json\/wp\/v2\/categories?post=565"},{"taxonomy":"post_tag","embeddable":true,"href":"https:\/\/www.margit-hohenberger.de\/blog\/wp-json\/wp\/v2\/tags?post=565"}],"curies":[{"name":"wp","href":"https:\/\/api.w.org\/{rel}","templated":true}]}}