{"id":74,"date":"2009-05-17T08:24:21","date_gmt":"2009-05-17T08:24:21","guid":{"rendered":"http:\/\/margithohenberger.wordpress.com\/?p=74"},"modified":"2016-08-06T05:18:04","modified_gmt":"2016-08-06T05:18:04","slug":"grosse-zarin-keramikfigur","status":"publish","type":"post","link":"https:\/\/www.margit-hohenberger.de\/blog\/grosse-zarin-keramikfigur\/","title":{"rendered":"Gro\u00dfe Zarin &#8211; Keramikfigur"},"content":{"rendered":"<p>Hier entsteht meine bislang gr\u00f6\u00dfte Figur. Ich habe schon knapp 40 Kilogramm Ton verbaut und ehrlich gesagt &#8222;k\u00e4mpfe&#8220; ich mit Form und Gestalt.<!--more--><\/p>\n<p><img loading=\"lazy\" decoding=\"async\" class=\"size-full wp-image-75 alignleft\" title=\"Gartenfigur-grosse-Zarin-in-Arbeit\" src=\"https:\/\/www.margit-hohenberger.de\/blog\/wp-content\/uploads\/2009\/05\/gartenfigur-grosse-zarin-in-arbeit.jpg\" alt=\"Gartenfigur Gro\u00dfe Zarin (in Arbeit)\" width=\"258\" height=\"388\" \/>Das kenne ich aber von mir. Eine Figur will geformt werden und das erfordert Energie.<br \/>\n<br \/>\nUnd es dauert auch immer etwas, bis die Linien harmonieren. Es ist ein Gef\u00fchl, das\u00a0dann sagt: jetzt ist es richtig. Mir schwebt bei der Arbeit an der Keramikfigur eine &#8222;Zarin&#8220; vor und ich bin gespannt, ob\u00a0ich das ausdr\u00fccken kann.<br \/>\n<br \/>\nDiese gro\u00dfe Gartenfigur wird ca. 140 cm hoch werden und ich kenne auch schon den Platz, an dem\u00a0die Zarin\u00a0erfreuen wird.<\/p>\n","protected":false},"excerpt":{"rendered":"<p>Hier entsteht meine bislang gr\u00f6\u00dfte Figur. Ich habe schon knapp 40 Kilogramm Ton verbaut und ehrlich gesagt &#8222;k\u00e4mpfe&#8220; ich mit Form und Gestalt.<\/p>\n","protected":false},"author":2,"featured_media":75,"comment_status":"open","ping_status":"open","sticky":false,"template":"","format":"standard","meta":{"footnotes":""},"categories":[4],"tags":[61,96],"class_list":["post-74","post","type-post","status-publish","format-standard","has-post-thumbnail","hentry","category-blick-in-die-werkstatt","tag-keramik-im-garten","tag-keramik-statue"],"aioseo_notices":[],"_links":{"self":[{"href":"https:\/\/www.margit-hohenberger.de\/blog\/wp-json\/wp\/v2\/posts\/74","targetHints":{"allow":["GET"]}}],"collection":[{"href":"https:\/\/www.margit-hohenberger.de\/blog\/wp-json\/wp\/v2\/posts"}],"about":[{"href":"https:\/\/www.margit-hohenberger.de\/blog\/wp-json\/wp\/v2\/types\/post"}],"author":[{"embeddable":true,"href":"https:\/\/www.margit-hohenberger.de\/blog\/wp-json\/wp\/v2\/users\/2"}],"replies":[{"embeddable":true,"href":"https:\/\/www.margit-hohenberger.de\/blog\/wp-json\/wp\/v2\/comments?post=74"}],"version-history":[{"count":0,"href":"https:\/\/www.margit-hohenberger.de\/blog\/wp-json\/wp\/v2\/posts\/74\/revisions"}],"wp:featuredmedia":[{"embeddable":true,"href":"https:\/\/www.margit-hohenberger.de\/blog\/wp-json\/wp\/v2\/media\/75"}],"wp:attachment":[{"href":"https:\/\/www.margit-hohenberger.de\/blog\/wp-json\/wp\/v2\/media?parent=74"}],"wp:term":[{"taxonomy":"category","embeddable":true,"href":"https:\/\/www.margit-hohenberger.de\/blog\/wp-json\/wp\/v2\/categories?post=74"},{"taxonomy":"post_tag","embeddable":true,"href":"https:\/\/www.margit-hohenberger.de\/blog\/wp-json\/wp\/v2\/tags?post=74"}],"curies":[{"name":"wp","href":"https:\/\/api.w.org\/{rel}","templated":true}]}}