{"id":82,"date":"2009-07-10T08:09:48","date_gmt":"2009-07-10T08:09:48","guid":{"rendered":"http:\/\/margithohenberger.wordpress.com\/?p=82"},"modified":"2016-07-29T06:18:48","modified_gmt":"2016-07-29T06:18:48","slug":"ausstellung-badenixen-in-sommerhausen","status":"publish","type":"post","link":"https:\/\/www.margit-hohenberger.de\/blog\/ausstellung-badenixen-in-sommerhausen\/","title":{"rendered":"Ausstellung: Badenixen in Sommerhausen!"},"content":{"rendered":"<p>Ich freute mich sehr, dass wir am 18.07.2009 die Ausstellung &#8222;Badnixen in Sommerhausen&#8220; er\u00f6ffnen konnten. Herzlichen Dank an Waltraut und Dietrich J\u00e4nicke, die die Ausstellung initiiert und liebevoll ausgestaltet haben. Ohne die Idee g\u00e4be es vielleicht die eine oder andere Badenixe gar nicht.<\/p>\n<figure id=\"attachment_104\" aria-describedby=\"caption-attachment-104\" style=\"width: 500px\" class=\"wp-caption aligncenter\"><img loading=\"lazy\" decoding=\"async\" class=\"wp-image-104 size-full\" title=\"Badenixe Anita Gartenfiguren Margit Hohenberger\" src=\"https:\/\/www.margit-hohenberger.de\/blog\/wp-content\/uploads\/2009\/07\/badenixe-anita-gartenfiguren-margit-hohenberger.jpg\" alt=\"Badenixe Anita Gartenfiguren Margit Hohenberger\" width=\"500\" height=\"368\" \/><figcaption id=\"caption-attachment-104\" class=\"wp-caption-text\">Badenixe Anita Gartenfiguren Margit Hohenberger<\/figcaption><\/figure>\n<figure id=\"attachment_83\" aria-describedby=\"caption-attachment-83\" style=\"width: 500px\" class=\"wp-caption aligncenter\"><img loading=\"lazy\" decoding=\"async\" class=\"wp-image-83 size-full\" title=\"Badennixen in Sommerhausen 2009\" src=\"https:\/\/www.margit-hohenberger.de\/blog\/wp-content\/uploads\/2009\/06\/badennixen-sommerhausen-2009.jpg\" alt=\"Badennixen in Sommerhausen 2009\" width=\"500\" height=\"199\" \/><figcaption id=\"caption-attachment-83\" class=\"wp-caption-text\">Badennixen in Sommerhausen 2009<\/figcaption><\/figure>\n<figure id=\"attachment_106\" aria-describedby=\"caption-attachment-106\" style=\"width: 500px\" class=\"wp-caption aligncenter\"><img loading=\"lazy\" decoding=\"async\" class=\"wp-image-106 size-full\" title=\"Badenixe Springerin und Meerjungfrau Gartenfiguren Margit Hohenberger\" src=\"https:\/\/www.margit-hohenberger.de\/blog\/wp-content\/uploads\/2009\/07\/badenixe-springerin-gartenfiguren-margit-hohenberger.jpg\" alt=\"Badenixe Springerin und Meerjungfrau Gartenfiguren Margit Hohenberger\" width=\"500\" height=\"360\" \/><figcaption id=\"caption-attachment-106\" class=\"wp-caption-text\">Badenixe Springerin und Meerjungfrau<\/figcaption><\/figure>\n<figure id=\"attachment_107\" aria-describedby=\"caption-attachment-107\" style=\"width: 500px\" class=\"wp-caption aligncenter\"><img loading=\"lazy\" decoding=\"async\" class=\"wp-image-107 size-full\" title=\"Badenixe Veronica Gartenfiguren Margit Hohenberger\" src=\"https:\/\/www.margit-hohenberger.de\/blog\/wp-content\/uploads\/2009\/07\/badenixe-veronica-gartenfiguren-margit-hohenberger.jpg\" alt=\"Badenixe Veronica Gartenfiguren Margit Hohenberger\" width=\"500\" height=\"363\" \/><figcaption id=\"caption-attachment-107\" class=\"wp-caption-text\">Badenixe Veronica<\/figcaption><\/figure>\n<p>Mehr Badenixen und Bilder von Franziska J\u00e4nisch waren in der &#8222;<a href=\"http:\/\/www.galerie-beim-roten-turm.de\" target=\"_blank\">Galerie beim Roten Turm<\/a>&#8220; in der Ausstellung &#8222;Badenixen in Sommerhausen&#8220;. Sch\u00f6ne, entspannende und entspannte Gartenfiguren, also Meerjungfrauen und Badenixen freuten sich auf Besucherinnen und Besucher. Ge\u00f6ffnet: Mittwoch bis Sonntag jeweils von 14-18 Uhr. Die Ausstellung lief bis zum 23. August. Die Ausstellung ist Geschichte. Aber schauen Sie gerne meine <a title=\"Garten Figuren - Margit Hohenberger\" href=\"https:\/\/www.margit-hohenberger.de\/garten-figuren.htm\" target=\"_blank\">Garten Figuren<\/a> hier im Internet an.<\/p>\n","protected":false},"excerpt":{"rendered":"<p>Ich freute mich sehr, dass wir am 18.07.2009 die Ausstellung &#8222;Badnixen in Sommerhausen&#8220; er\u00f6ffnen konnten. Herzlichen Dank an Waltraut und Dietrich J\u00e4nicke, die die Ausstellung initiiert und liebevoll ausgestaltet haben. Ohne die Idee g\u00e4be es vielleicht die eine oder andere Badenixe gar nicht. Mehr Badenixen und Bilder von Franziska J\u00e4nisch waren in der &#8222;Galerie beim Roten Turm&#8220; in der Ausstellung &#8222;Badenixen in Sommerhausen&#8220;. Sch\u00f6ne, entspannende und entspannte Gartenfiguren, also Meerjungfrauen und Badenixen freuten sich auf Besucherinnen und Besucher. Ge\u00f6ffnet: Mittwoch&#8230;<\/p>\n<p class=\"read-more\"><a class=\"btn btn-default\" href=\"https:\/\/www.margit-hohenberger.de\/blog\/ausstellung-badenixen-in-sommerhausen\/\">Weiterlesen<span class=\"screen-reader-text\"> Weiterlesen<\/span><\/a><\/p>\n","protected":false},"author":2,"featured_media":107,"comment_status":"open","ping_status":"open","sticky":false,"template":"","format":"standard","meta":{"footnotes":""},"categories":[3],"tags":[19,44,56,51,61,59],"class_list":["post-82","post","type-post","status-publish","format-standard","has-post-thumbnail","hentry","category-ausstellungen","tag-badenixen","tag-galerie-beim-roten-turm","tag-gartendeko","tag-gartenkeramik-figuren","tag-keramik-im-garten","tag-lustige-gartenfiguren"],"aioseo_notices":[],"_links":{"self":[{"href":"https:\/\/www.margit-hohenberger.de\/blog\/wp-json\/wp\/v2\/posts\/82","targetHints":{"allow":["GET"]}}],"collection":[{"href":"https:\/\/www.margit-hohenberger.de\/blog\/wp-json\/wp\/v2\/posts"}],"about":[{"href":"https:\/\/www.margit-hohenberger.de\/blog\/wp-json\/wp\/v2\/types\/post"}],"author":[{"embeddable":true,"href":"https:\/\/www.margit-hohenberger.de\/blog\/wp-json\/wp\/v2\/users\/2"}],"replies":[{"embeddable":true,"href":"https:\/\/www.margit-hohenberger.de\/blog\/wp-json\/wp\/v2\/comments?post=82"}],"version-history":[{"count":0,"href":"https:\/\/www.margit-hohenberger.de\/blog\/wp-json\/wp\/v2\/posts\/82\/revisions"}],"wp:featuredmedia":[{"embeddable":true,"href":"https:\/\/www.margit-hohenberger.de\/blog\/wp-json\/wp\/v2\/media\/107"}],"wp:attachment":[{"href":"https:\/\/www.margit-hohenberger.de\/blog\/wp-json\/wp\/v2\/media?parent=82"}],"wp:term":[{"taxonomy":"category","embeddable":true,"href":"https:\/\/www.margit-hohenberger.de\/blog\/wp-json\/wp\/v2\/categories?post=82"},{"taxonomy":"post_tag","embeddable":true,"href":"https:\/\/www.margit-hohenberger.de\/blog\/wp-json\/wp\/v2\/tags?post=82"}],"curies":[{"name":"wp","href":"https:\/\/api.w.org\/{rel}","templated":true}]}}